{"id":81611,"date":"2024-11-20T13:15:04","date_gmt":"2024-11-20T12:15:04","guid":{"rendered":"https:\/\/jugulajm.net\/?p=81611"},"modified":"2024-11-20T13:15:22","modified_gmt":"2024-11-20T12:15:22","slug":"lajm-i-fundit-vrasja-e-14-vjecarit-rama-te-mbyllet-tiktok-dhe-snapchat","status":"publish","type":"post","link":"https:\/\/jugulajm.net\/?p=81611","title":{"rendered":"LAJM I FUNDIT\/ Vrasja e 14 vje\u00e7arit, Rama: T\u00eb mbyllet &#8220;TikTok&#8221; dhe &#8220;Snapchat&#8221;"},"content":{"rendered":"<p>Kryeministri Edi trama pas mbledhjes s\u00eb qeveris\u00eb n\u00eb nj\u00eb deklarat\u00eb p\u00ebr mediat ka folur n\u00eb lidhje me vrasj\u00ebn e 14 vje\u00e7arit Martin Cani.<\/p>\n<p>Sipas krryeministrit e r\u00ebnd\u00ebsishme \u00ebsht\u00eb siguria dhe mbrojtja e f\u00ebmij\u00ebve.<\/p>\n<p>Rama theksoi se \u00ebsht\u00eb diskutuar n\u00eb lidhje me propozimet p\u00ebr mbylljen e rrjeteve sociale Tik Tok dhe Snapchat.<\/p>\n<div class=\"jeg_ad jeg_ad_article jnews_content_inline_3_ads \">\n<div class=\"ads-wrapper align-center \">\n<div class=\"ads_code\"><\/div>\n<\/div>\n<\/div>\n<p>\u201c<em>TikTok dhe SnapChat thithin f\u00ebmij\u00ebt ne labirintet e tyre. Autoritei i m\u00ebsuesve dhe puna jon\u00eb n\u00eb sht\u00ebpi p\u00ebr edukimin e f\u00ebmij\u00ebve sfidohen nga bota paralele e k\u00ebtyre rrjeteve, ku nuk ka asnj\u00eb filt\u00ebr. Garantimi i siguris\u00eb s\u00eb f\u00ebmij\u00ebve \u00ebsht\u00eb p\u00ebrpar\u00ebsia e f\u00ebmij\u00ebve tona. Por nuk jan\u00eb t\u00eb thjeshta p\u00ebrgjigjet e duhura n\u00eb k\u00ebto kushte sfiduese.<\/em><\/p>\n<p><em>Ne si qeveri jemi angazhuar n\u00eb hulumtimin e k\u00ebsaj problematike, duke ndjekur se \u00e7far\u00eb b\u00ebjn\u00eb vendet e tjera por edhe n\u00eb k\u00ebrkimin p\u00ebr uljen e k\u00ebtij presioni gjithnj\u00eb e m\u00eb t\u00eb friksh\u00ebm.<\/em><\/p>\n<p><em>N\u00eb Australi po tentohet ndalimi i aksesit t\u00eb f\u00ebmij\u00ebve n\u00eb rrjetet sociale deri n\u00eb 16 vje\u00e7. Problemi ende i hapur mbetet mungesa e nj\u00eb sistemi t\u00eb zbatimit t\u00eb tyre si rezultat i v\u00ebshtir\u00ebsis\u00eb s\u00eb aspektit teknik.<\/em><\/p>\n<p><em>Tani dilema jon\u00eb si qeveri \u00ebsht\u00eb n\u00ebse duhet t\u00eb provojm\u00eb edhe ne t\u00eb ecim n\u00eb drejtim t\u00eb vendosjes s\u00eb filtrave, ku n\u00eb fakt nga eksperiencat e deritanishme ku efektiviteti i tyre \u00ebsht\u00eb i ul\u00ebt ku rastet e bullizmit rriten. Ose t\u00eb nd\u00ebrmarrin mas\u00ebn drastike t\u00eb mbylljes s\u00eb TikTok dhe SnapChapt, Do e hedhin p\u00ebr diskutim p\u00ebr t\u00eb marr\u00eb nj\u00eb vendim sa m\u00eb demokratik p\u00ebr nj\u00eb problem kaq t\u00eb madh<\/em>\u201c, tha Rama.<\/p>\n","protected":false},"excerpt":{"rendered":"<p>Kryeministri Edi trama pas mbledhjes s\u00eb qeveris\u00eb n\u00eb nj\u00eb deklarat\u00eb p\u00ebr mediat ka folur n\u00eb lidhje me vrasj\u00ebn e 14 vje\u00e7arit Martin Cani. Sipas krryeministrit e r\u00ebnd\u00ebsishme \u00ebsht\u00eb siguria dhe mbrojtja e f\u00ebmij\u00ebve. Rama theksoi se \u00ebsht\u00eb diskutuar n\u00eb lidhje me propozimet p\u00ebr mbylljen e rrjeteve sociale Tik Tok dhe Snapchat. \u201cTikTok dhe SnapChat thithin [&hellip;]<\/p>\n","protected":false},"author":5,"featured_media":64706,"comment_status":"closed","ping_status":"closed","sticky":false,"template":"","format":"standard","meta":{"footnotes":""},"categories":[1,6332,29228],"tags":[34134,34107],"class_list":{"0":"post-81611","1":"post","2":"type-post","3":"status-publish","4":"format-standard","5":"has-post-thumbnail","7":"category-aktualitet","8":"category-te-fundit","9":"category-vendi","10":"tag-rama-te-mbyllet-tiktok-dhe-snapchat","11":"tag-vrasja-e-14-vjecarit"},"_links":{"self":[{"href":"https:\/\/jugulajm.net\/index.php?rest_route=\/wp\/v2\/posts\/81611","targetHints":{"allow":["GET"]}}],"collection":[{"href":"https:\/\/jugulajm.net\/index.php?rest_route=\/wp\/v2\/posts"}],"about":[{"href":"https:\/\/jugulajm.net\/index.php?rest_route=\/wp\/v2\/types\/post"}],"author":[{"embeddable":true,"href":"https:\/\/jugulajm.net\/index.php?rest_route=\/wp\/v2\/users\/5"}],"replies":[{"embeddable":true,"href":"https:\/\/jugulajm.net\/index.php?rest_route=%2Fwp%2Fv2%2Fcomments&post=81611"}],"version-history":[{"count":0,"href":"https:\/\/jugulajm.net\/index.php?rest_route=\/wp\/v2\/posts\/81611\/revisions"}],"wp:featuredmedia":[{"embeddable":true,"href":"https:\/\/jugulajm.net\/index.php?rest_route=\/wp\/v2\/media\/64706"}],"wp:attachment":[{"href":"https:\/\/jugulajm.net\/index.php?rest_route=%2Fwp%2Fv2%2Fmedia&parent=81611"}],"wp:term":[{"taxonomy":"category","embeddable":true,"href":"https:\/\/jugulajm.net\/index.php?rest_route=%2Fwp%2Fv2%2Fcategories&post=81611"},{"taxonomy":"post_tag","embeddable":true,"href":"https:\/\/jugulajm.net\/index.php?rest_route=%2Fwp%2Fv2%2Ftags&post=81611"}],"curies":[{"name":"wp","href":"https:\/\/api.w.org\/{rel}","templated":true}]}}