{"id":81556,"date":"2024-11-19T09:49:18","date_gmt":"2024-11-19T08:49:18","guid":{"rendered":"https:\/\/jugulajm.net\/?p=81556"},"modified":"2024-11-19T09:49:58","modified_gmt":"2024-11-19T08:49:58","slug":"vrasja-e-14-vjecarit-prangoset-autori-i-mitur","status":"publish","type":"post","link":"https:\/\/jugulajm.net\/?p=81556","title":{"rendered":"Vrasja e 14-vje\u00e7arit, prangoset autori i mitur"},"content":{"rendered":"<p>Nj\u00eb dit\u00eb pas vrasjes me thik\u00eb t\u00eb 14-vje\u00e7ari M.C pran\u00eb shkoll\u00ebs 9-vje\u00e7are Fan Noli policia njofton se ka arrestuar autorin e ngjarjes.<\/p>\n<p>P\u00ebrmes nj\u00eb njoftimi p\u00ebr mediat policia b\u00ebn me dije se dit\u00ebn e djeshme, n\u00eb rrug\u00ebn \u201cQemal Stafa\u201d, specialist\u00ebt e\u00a0 Seksionit p\u00ebr Hetimin e Krimeve Ndaj Personit arrestuan nj\u00eb t\u00eb mitur 14 vje\u00e7, p\u00ebr veprat penale \u201cVrasja me dashje e kryer ndaj t\u00eb miturit\u201d dhe \u201cProdhimi, mbajtja, blerja apo shitja pa leje e arm\u00ebve t\u00eb ftohta\u201d.<\/p>\n<p>Ky shtetas, dit\u00ebn e djeshme, n\u00eb af\u00ebrsi t\u00eb shkoll\u00ebs \u201cFan Noli\u201d, p\u00ebr motive t\u00eb dob\u00ebta \u00ebsht\u00eb konfliktuar me dy bashk\u00ebmoshatar\u00ebt e tij dhe gjat\u00eb konfliktit i ka goditur ato me mjet prer\u00ebs. Gjat\u00eb konfliktit jan\u00eb d\u00ebmtuar t\u00eb 3 t\u00eb miturit.<\/p>\n<p>Si pasoj\u00eb e plag\u00ebve t\u00eb marra nj\u00ebri nga 14-vje\u00e7ar\u00ebt ka nd\u00ebrruar jet\u00eb n\u00eb spital, nd\u00ebrsa tjetri, s\u00eb bashku me autorin e dyshuar ndodhen jasht\u00eb rrezikut p\u00ebr jet\u00ebn.<\/p>\n","protected":false},"excerpt":{"rendered":"<p>Nj\u00eb dit\u00eb pas vrasjes me thik\u00eb t\u00eb 14-vje\u00e7ari M.C pran\u00eb shkoll\u00ebs 9-vje\u00e7are Fan Noli policia njofton se ka arrestuar autorin e ngjarjes. P\u00ebrmes nj\u00eb njoftimi p\u00ebr mediat policia b\u00ebn me dije se dit\u00ebn e djeshme, n\u00eb rrug\u00ebn \u201cQemal Stafa\u201d, specialist\u00ebt e\u00a0 Seksionit p\u00ebr Hetimin e Krimeve Ndaj Personit arrestuan nj\u00eb t\u00eb mitur 14 vje\u00e7, p\u00ebr [&hellip;]<\/p>\n","protected":false},"author":5,"featured_media":51534,"comment_status":"closed","ping_status":"closed","sticky":false,"template":"","format":"standard","meta":{"footnotes":""},"categories":[1,6332,29228],"tags":[34116,34107],"class_list":{"0":"post-81556","1":"post","2":"type-post","3":"status-publish","4":"format-standard","5":"has-post-thumbnail","7":"category-aktualitet","8":"category-te-fundit","9":"category-vendi","10":"tag-prangoset-autori-i-mitur","11":"tag-vrasja-e-14-vjecarit"},"_links":{"self":[{"href":"https:\/\/jugulajm.net\/index.php?rest_route=\/wp\/v2\/posts\/81556","targetHints":{"allow":["GET"]}}],"collection":[{"href":"https:\/\/jugulajm.net\/index.php?rest_route=\/wp\/v2\/posts"}],"about":[{"href":"https:\/\/jugulajm.net\/index.php?rest_route=\/wp\/v2\/types\/post"}],"author":[{"embeddable":true,"href":"https:\/\/jugulajm.net\/index.php?rest_route=\/wp\/v2\/users\/5"}],"replies":[{"embeddable":true,"href":"https:\/\/jugulajm.net\/index.php?rest_route=%2Fwp%2Fv2%2Fcomments&post=81556"}],"version-history":[{"count":0,"href":"https:\/\/jugulajm.net\/index.php?rest_route=\/wp\/v2\/posts\/81556\/revisions"}],"wp:featuredmedia":[{"embeddable":true,"href":"https:\/\/jugulajm.net\/index.php?rest_route=\/wp\/v2\/media\/51534"}],"wp:attachment":[{"href":"https:\/\/jugulajm.net\/index.php?rest_route=%2Fwp%2Fv2%2Fmedia&parent=81556"}],"wp:term":[{"taxonomy":"category","embeddable":true,"href":"https:\/\/jugulajm.net\/index.php?rest_route=%2Fwp%2Fv2%2Fcategories&post=81556"},{"taxonomy":"post_tag","embeddable":true,"href":"https:\/\/jugulajm.net\/index.php?rest_route=%2Fwp%2Fv2%2Ftags&post=81556"}],"curies":[{"name":"wp","href":"https:\/\/api.w.org\/{rel}","templated":true}]}}