{"id":81544,"date":"2024-11-18T21:52:55","date_gmt":"2024-11-18T20:52:55","guid":{"rendered":"https:\/\/jugulajm.net\/?p=81544"},"modified":"2024-11-18T21:52:55","modified_gmt":"2024-11-18T20:52:55","slug":"sherri-ku-u-vra-14-vjecari-flet-babai-i-te-plagosurit-sherri-nisi-te-premten-ne-oborrin-e-shkolles-djali-ka-4-plage-dhe","status":"publish","type":"post","link":"https:\/\/jugulajm.net\/?p=81544","title":{"rendered":"Sherri ku u vra 14-vje\u00e7ari, flet babai i t\u00eb plagosurit: Sherri nisi t\u00eb premten n\u00eb oborrin e shkoll\u00ebs, djali ka 4 plag\u00eb dhe&#8230;"},"content":{"rendered":"<p>Nj\u00eb sherr n\u00eb af\u00ebrsi t\u00eb ambienteve t\u00eb shkoll\u00ebs 9-vje\u00e7are Fan Noli n\u00eb Tiran\u00eb, i ka marr\u00eb jet\u00ebn nj\u00eb 14-vje\u00e7ari nd\u00ebrsa ka l\u00ebn\u00eb t\u00eb plagosur edhe nj\u00eb tjet\u00ebr t\u00eb mitur.<br \/>\nMartin Cani nuk arriti q\u00eb t\u2019u mbijetonte plag\u00ebve dhe nd\u00ebrroi jet\u00eb n\u00eb spital, nd\u00ebrsa Luis Me\u00e7ja ka marr\u00eb 4 plag\u00eb e p\u00ebr fat t\u00eb mir\u00eb deri tani gjendja e tij \u00ebsht\u00eb stab\u00ebl.<\/p>\n<p>Babai i t\u00eb plagosurit tregon p\u00ebr emisionin Top Story se i biri \u00ebsht\u00eb n\u00eb gjendje t\u00eb q\u00ebndrueshme deri n\u00eb k\u00ebto momente, por mjek\u00ebt k\u00ebrkojn\u00eb q\u00eb t\u00eb vijoj\u00eb t\u00eb q\u00ebndroj\u00eb n\u00eb survejim p\u00ebr t\u00eb par\u00eb n\u00ebse do t\u00eb jet\u00eb e nevojshme nj\u00eb nd\u00ebrhyrje kirurgjikale ose jo.<\/p>\n<p>Babai i Lusit ka treguar se sherri dyshohet se ka nisur dit\u00ebn e premte n\u00eb oborrin e shkoll\u00ebs, ku dyshohet se autori ka goditur me grusht viktim\u00ebn dhe se e ka dhunuar.<\/p>\n<p>Nd\u00ebrkoh\u00eb dit\u00ebn e sotme viktima i ka k\u00ebrkuar shokut t\u00eb tij Lusit dhe nj\u00eb tjet\u00ebr personi q\u00eb t\u00eb shkonin bashk\u00eb dhe t\u2019i takonin.<\/p>\n<p>Por n\u00eb momentin q\u00eb kan\u00eb shkuar, sipas babait t\u00eb Luisit, autori i dyshuar i ka sulmuar me thik\u00eb, duke i marr\u00eb jet\u00ebn Martinit dhe duke plagosur kat\u00ebr her\u00eb me thik\u00eb 14-vje\u00e7arin tjet\u00ebr.<\/p>\n<p><em>\u201cNa lajm\u00ebruan nga poliklinika e 9-katsheve q\u00eb \u00ebsht\u00eb plagosur dhe ndodhet n\u00eb spitalin e Traum\u00ebs. P\u00ebr momentin \u00ebsht\u00eb jasht\u00eb rrezikut, shpresojm\u00eb q\u00eb t\u00eb b\u00ebhet m\u00eb mir\u00eb. Ka kat\u00ebr plag\u00eb me thik\u00eb n\u00eb trup.<\/em><\/p>\n<p><em>Nuk dim\u00eb gj\u00eb fare, Luisi nuk ka pas probleme, ka shkuar t\u00eb takoj\u00eb nj\u00eb shok t\u00eb Fan Noli, kan\u00eb qen\u00eb bashk\u00eb shok\u00eb te akademia e Dinamos, dhe ai i ka k\u00ebrkuar q\u00eb t\u00eb shkoj\u00eb ta takoj\u00eb\u2026 Djali m\u00eb tha q\u00eb kur kan\u00eb shkuar atje i kan\u00eb sulmuar me thik\u00eb\u201d,\u00a0<\/em>tregoi ai.<\/p>\n","protected":false},"excerpt":{"rendered":"<p>Nj\u00eb sherr n\u00eb af\u00ebrsi t\u00eb ambienteve t\u00eb shkoll\u00ebs 9-vje\u00e7are Fan Noli n\u00eb Tiran\u00eb, i ka marr\u00eb jet\u00ebn nj\u00eb 14-vje\u00e7ari nd\u00ebrsa ka l\u00ebn\u00eb t\u00eb plagosur edhe nj\u00eb tjet\u00ebr t\u00eb mitur. Martin Cani nuk arriti q\u00eb t\u2019u mbijetonte plag\u00ebve dhe nd\u00ebrroi jet\u00eb n\u00eb spital, nd\u00ebrsa Luis Me\u00e7ja ka marr\u00eb 4 plag\u00eb e p\u00ebr fat t\u00eb mir\u00eb deri [&hellip;]<\/p>\n","protected":false},"author":5,"featured_media":81545,"comment_status":"closed","ping_status":"closed","sticky":false,"template":"","format":"standard","meta":{"footnotes":""},"categories":[1,6332,29228],"tags":[34114,34113,34112],"class_list":{"0":"post-81544","1":"post","2":"type-post","3":"status-publish","4":"format-standard","5":"has-post-thumbnail","7":"category-aktualitet","8":"category-te-fundit","9":"category-vendi","10":"tag-djali-ka-4-plage-dhe","11":"tag-flet-babai-i-te-plagosurit-sherri-nisi-te-premten-ne-oborrin-e-shkolles","12":"tag-sherri-ku-u-vra-14-vjecari"},"_links":{"self":[{"href":"https:\/\/jugulajm.net\/index.php?rest_route=\/wp\/v2\/posts\/81544","targetHints":{"allow":["GET"]}}],"collection":[{"href":"https:\/\/jugulajm.net\/index.php?rest_route=\/wp\/v2\/posts"}],"about":[{"href":"https:\/\/jugulajm.net\/index.php?rest_route=\/wp\/v2\/types\/post"}],"author":[{"embeddable":true,"href":"https:\/\/jugulajm.net\/index.php?rest_route=\/wp\/v2\/users\/5"}],"replies":[{"embeddable":true,"href":"https:\/\/jugulajm.net\/index.php?rest_route=%2Fwp%2Fv2%2Fcomments&post=81544"}],"version-history":[{"count":0,"href":"https:\/\/jugulajm.net\/index.php?rest_route=\/wp\/v2\/posts\/81544\/revisions"}],"wp:featuredmedia":[{"embeddable":true,"href":"https:\/\/jugulajm.net\/index.php?rest_route=\/wp\/v2\/media\/81545"}],"wp:attachment":[{"href":"https:\/\/jugulajm.net\/index.php?rest_route=%2Fwp%2Fv2%2Fmedia&parent=81544"}],"wp:term":[{"taxonomy":"category","embeddable":true,"href":"https:\/\/jugulajm.net\/index.php?rest_route=%2Fwp%2Fv2%2Fcategories&post=81544"},{"taxonomy":"post_tag","embeddable":true,"href":"https:\/\/jugulajm.net\/index.php?rest_route=%2Fwp%2Fv2%2Ftags&post=81544"}],"curies":[{"name":"wp","href":"https:\/\/api.w.org\/{rel}","templated":true}]}}