{"id":81409,"date":"2024-11-15T17:28:53","date_gmt":"2024-11-15T16:28:53","guid":{"rendered":"https:\/\/jugulajm.net\/?p=81409"},"modified":"2024-11-15T17:28:53","modified_gmt":"2024-11-15T16:28:53","slug":"emrat-5-futbolliste-i-japin-lamtumiren-kombetares-neser-ne-air-albania","status":"publish","type":"post","link":"https:\/\/jugulajm.net\/?p=81409","title":{"rendered":"EMRAT\/ 5 futbollist\u00eb i japin lamtumir\u00ebn Komb\u00ebtares nes\u00ebr n\u00eb &#8216;\u2018Air Albania\u2019&#8217;"},"content":{"rendered":"<p>Sukses, emocione dhe krenari; k\u00ebshtu mund t\u00eb p\u00ebrshkruhen vitet e tyre me fanell\u00ebn kuqezi.<\/p>\n<p>Fjala \u00ebsht\u00eb p\u00ebr Sokol Cikalleshin, Klaus Gjasul\u00ebn, Bekim Balajn, Odise Roshin dhe Ermir Lenjanin, me \u2018pes\u00ebshen\u2019 q\u00eb kan\u00eb vendosur t\u00eb t\u00ebrhiqen nga ekipi komb\u00ebtar pas nj\u00eb p\u00ebrvoje t\u00eb gjat\u00eb.<\/p>\n<p>T\u00eb shtun\u00ebn (nes\u00ebr) p\u00ebrpara fillimit t\u00eb ndeshjes Shqip\u00ebri \u2013 \u00c7eki n\u00eb Lig\u00ebn e Kombeve (20:45), FSHF ka menduar t\u00eb organizoj\u00eb nj\u00eb ceremoni lamtumire p\u00ebr ish-futbollist\u00ebt.<\/p>\n<p>Pes\u00eb emrat e p\u00ebrmendur m\u00eb sip\u00ebr do zbresin n\u00eb fush\u00ebn e \u201cAir Albania\u201d n\u00eb Tiran\u00eb p\u00ebr her\u00eb t\u00eb fundit p\u00ebrpara nj\u00eb stadiumi t\u00eb tejmbushur, duke p\u00ebrsh\u00ebndetur tifoz\u00ebt me nj\u00eb lamtumir\u00eb q\u00eb e meritojn\u00eb.<\/p>\n<p>Padyshim duartroktje t\u00eb merituara p\u00ebr gjith\u00eb djers\u00ebn q\u00eb pes\u00eb djemt\u00eb kan\u00eb dh\u00ebn\u00eb p\u00ebr ngjyrat kuqezi.<\/p>\n","protected":false},"excerpt":{"rendered":"<p>Sukses, emocione dhe krenari; k\u00ebshtu mund t\u00eb p\u00ebrshkruhen vitet e tyre me fanell\u00ebn kuqezi. Fjala \u00ebsht\u00eb p\u00ebr Sokol Cikalleshin, Klaus Gjasul\u00ebn, Bekim Balajn, Odise Roshin dhe Ermir Lenjanin, me \u2018pes\u00ebshen\u2019 q\u00eb kan\u00eb vendosur t\u00eb t\u00ebrhiqen nga ekipi komb\u00ebtar pas nj\u00eb p\u00ebrvoje t\u00eb gjat\u00eb. T\u00eb shtun\u00ebn (nes\u00ebr) p\u00ebrpara fillimit t\u00eb ndeshjes Shqip\u00ebri \u2013 \u00c7eki n\u00eb Lig\u00ebn [&hellip;]<\/p>\n","protected":false},"author":5,"featured_media":54507,"comment_status":"closed","ping_status":"closed","sticky":false,"template":"","format":"standard","meta":{"footnotes":""},"categories":[6334,6332,29228],"tags":[34073],"class_list":{"0":"post-81409","1":"post","2":"type-post","3":"status-publish","4":"format-standard","5":"has-post-thumbnail","7":"category-sport","8":"category-te-fundit","9":"category-vendi","10":"tag-emrat-5-futbolliste-i-japin-lamtumiren-kombetares-neser-ne-air-albania"},"_links":{"self":[{"href":"https:\/\/jugulajm.net\/index.php?rest_route=\/wp\/v2\/posts\/81409","targetHints":{"allow":["GET"]}}],"collection":[{"href":"https:\/\/jugulajm.net\/index.php?rest_route=\/wp\/v2\/posts"}],"about":[{"href":"https:\/\/jugulajm.net\/index.php?rest_route=\/wp\/v2\/types\/post"}],"author":[{"embeddable":true,"href":"https:\/\/jugulajm.net\/index.php?rest_route=\/wp\/v2\/users\/5"}],"replies":[{"embeddable":true,"href":"https:\/\/jugulajm.net\/index.php?rest_route=%2Fwp%2Fv2%2Fcomments&post=81409"}],"version-history":[{"count":0,"href":"https:\/\/jugulajm.net\/index.php?rest_route=\/wp\/v2\/posts\/81409\/revisions"}],"wp:featuredmedia":[{"embeddable":true,"href":"https:\/\/jugulajm.net\/index.php?rest_route=\/wp\/v2\/media\/54507"}],"wp:attachment":[{"href":"https:\/\/jugulajm.net\/index.php?rest_route=%2Fwp%2Fv2%2Fmedia&parent=81409"}],"wp:term":[{"taxonomy":"category","embeddable":true,"href":"https:\/\/jugulajm.net\/index.php?rest_route=%2Fwp%2Fv2%2Fcategories&post=81409"},{"taxonomy":"post_tag","embeddable":true,"href":"https:\/\/jugulajm.net\/index.php?rest_route=%2Fwp%2Fv2%2Ftags&post=81409"}],"curies":[{"name":"wp","href":"https:\/\/api.w.org\/{rel}","templated":true}]}}