{"id":81406,"date":"2024-11-15T16:36:44","date_gmt":"2024-11-15T15:36:44","guid":{"rendered":"https:\/\/jugulajm.net\/?p=81406"},"modified":"2024-11-15T16:36:44","modified_gmt":"2024-11-15T15:36:44","slug":"arrestohet-25-vjecari-ne-permet-ishte-ne-kerkim-per","status":"publish","type":"post","link":"https:\/\/jugulajm.net\/?p=81406","title":{"rendered":"Arrestohet 25-vje\u00e7ari n\u00eb P\u00ebrmet, ishte n\u00eb k\u00ebrkim p\u00ebr&#8230;"},"content":{"rendered":"<p>Komisariati i Policis\u00eb P\u00ebrmet ndaloi shtetasin e shpallur n\u00eb k\u00ebrkim F. K., 25 vje\u00e7, pasi Gjykata e Sarand\u00ebs i ka caktuar mas\u00ebn e siguris\u00eb &#8220;Arrest n\u00eb burg&#8221;, p\u00ebr vepr\u00ebn penale &#8220;Mbajtja pa leje dhe prodhimi i arm\u00ebve, arm\u00ebve shp\u00ebrthyese dhe i municionit&#8221;, kryer n\u00eb bashk\u00ebpunim.<\/p>\n<p>Materialet procedurale i kaluan Prokuroris\u00eb pran\u00eb Gjykat\u00ebs s\u00eb Shkall\u00ebs s\u00eb Par\u00eb t\u00eb Juridiksionit t\u00eb P\u00ebrgjithsh\u00ebm Gjirokast\u00ebr, p\u00ebr veprime t\u00eb m\u00ebtejshme.<\/p>\n","protected":false},"excerpt":{"rendered":"<p>Komisariati i Policis\u00eb P\u00ebrmet ndaloi shtetasin e shpallur n\u00eb k\u00ebrkim F. K., 25 vje\u00e7, pasi Gjykata e Sarand\u00ebs i ka caktuar mas\u00ebn e siguris\u00eb &#8220;Arrest n\u00eb burg&#8221;, p\u00ebr vepr\u00ebn penale &#8220;Mbajtja pa leje dhe prodhimi i arm\u00ebve, arm\u00ebve shp\u00ebrthyese dhe i municionit&#8221;, kryer n\u00eb bashk\u00ebpunim. Materialet procedurale i kaluan Prokuroris\u00eb pran\u00eb Gjykat\u00ebs s\u00eb Shkall\u00ebs s\u00eb [&hellip;]<\/p>\n","protected":false},"author":5,"featured_media":71784,"comment_status":"closed","ping_status":"closed","sticky":false,"template":"","format":"standard","meta":{"footnotes":""},"categories":[1,6332,29228],"tags":[34072,25231],"class_list":{"0":"post-81406","1":"post","2":"type-post","3":"status-publish","4":"format-standard","5":"has-post-thumbnail","7":"category-aktualitet","8":"category-te-fundit","9":"category-vendi","10":"tag-arrestohet-25-vjecari-ne-permet","11":"tag-ishte-ne-kerkim-per"},"_links":{"self":[{"href":"https:\/\/jugulajm.net\/index.php?rest_route=\/wp\/v2\/posts\/81406","targetHints":{"allow":["GET"]}}],"collection":[{"href":"https:\/\/jugulajm.net\/index.php?rest_route=\/wp\/v2\/posts"}],"about":[{"href":"https:\/\/jugulajm.net\/index.php?rest_route=\/wp\/v2\/types\/post"}],"author":[{"embeddable":true,"href":"https:\/\/jugulajm.net\/index.php?rest_route=\/wp\/v2\/users\/5"}],"replies":[{"embeddable":true,"href":"https:\/\/jugulajm.net\/index.php?rest_route=%2Fwp%2Fv2%2Fcomments&post=81406"}],"version-history":[{"count":0,"href":"https:\/\/jugulajm.net\/index.php?rest_route=\/wp\/v2\/posts\/81406\/revisions"}],"wp:featuredmedia":[{"embeddable":true,"href":"https:\/\/jugulajm.net\/index.php?rest_route=\/wp\/v2\/media\/71784"}],"wp:attachment":[{"href":"https:\/\/jugulajm.net\/index.php?rest_route=%2Fwp%2Fv2%2Fmedia&parent=81406"}],"wp:term":[{"taxonomy":"category","embeddable":true,"href":"https:\/\/jugulajm.net\/index.php?rest_route=%2Fwp%2Fv2%2Fcategories&post=81406"},{"taxonomy":"post_tag","embeddable":true,"href":"https:\/\/jugulajm.net\/index.php?rest_route=%2Fwp%2Fv2%2Ftags&post=81406"}],"curies":[{"name":"wp","href":"https:\/\/api.w.org\/{rel}","templated":true}]}}