{"id":81375,"date":"2024-11-14T20:47:30","date_gmt":"2024-11-14T19:47:30","guid":{"rendered":"https:\/\/jugulajm.net\/?p=81375"},"modified":"2024-11-14T20:47:30","modified_gmt":"2024-11-14T19:47:30","slug":"itali-arrestohet-shqiptari-45-vjecar-kerkohej-qe-prej-vitit-2003-per-grabitje-te-rende","status":"publish","type":"post","link":"https:\/\/jugulajm.net\/?p=81375","title":{"rendered":"Itali, arrestohet shqiptari 45-vje\u00e7ar, k\u00ebrkohej q\u00eb prej vitit 2003 p\u00ebr grabitje t\u00eb r\u00ebnd\u00eb"},"content":{"rendered":"<p>Autoritetet italiane kan\u00eb zhvilluar nj\u00eb operacion n\u00eb komun\u00ebn Vittoria dhe Chiaramonte Gulfi, n\u00eb ndjekje t\u00eb personave t\u00eb k\u00ebrkuar, apo q\u00eb kryenin aktivitete t\u00eb paligjshme.<\/p>\n<p>Si\u00e7 raportohet tre persona kan\u00eb r\u00ebn\u00eb n\u00eb pranga, mes tyre edhe nj\u00eb shqiptar\u00eb.<\/p>\n<p>Konkretisht mbi t\u00eb arrestuarit r\u00ebndojn\u00eb akuza p\u00ebr krime t\u00eb lidhura me posedimin e l\u00ebnd\u00ebve narkotike, municionit.<\/p>\n<p>Shqiptari gjithashtu ishte i shpallur n\u00eb k\u00ebrkim p\u00ebr grabitje t\u00eb r\u00ebnd\u00eb t\u00eb ndodhur n\u00eb vendin fqinj n\u00eb vitin 2003.<\/p>\n<p>Mediat italiane shkruajn\u00eb se shqiptari ishte n\u00eb k\u00ebrkim n\u00eb lidhje me nj\u00eb\u00a0grabitje\u00a0t\u00eb r\u00ebnd\u00eb t\u00eb kryer n\u00eb mars t\u00eb vitit 2003, n\u00eb zon\u00ebn e Ipp\u00ebs, teksa po hetohet edhe p\u00ebr p\u00ebrfshirje n\u00eb aktivitete t\u00eb tjera t\u00eb paligjshme, bashk\u00eb me dy t\u00eb tjer\u00ebt.<\/p>\n<p>Pas prangosjes, u izolua n\u00eb Burgun e Raguz\u00ebs, ku ndodhet n\u00eb dispozicion t\u00eb organeve t\u00eb drejt\u00ebsis\u00eb.<\/p>\n","protected":false},"excerpt":{"rendered":"<p>Autoritetet italiane kan\u00eb zhvilluar nj\u00eb operacion n\u00eb komun\u00ebn Vittoria dhe Chiaramonte Gulfi, n\u00eb ndjekje t\u00eb personave t\u00eb k\u00ebrkuar, apo q\u00eb kryenin aktivitete t\u00eb paligjshme. Si\u00e7 raportohet tre persona kan\u00eb r\u00ebn\u00eb n\u00eb pranga, mes tyre edhe nj\u00eb shqiptar\u00eb. Konkretisht mbi t\u00eb arrestuarit r\u00ebndojn\u00eb akuza p\u00ebr krime t\u00eb lidhura me posedimin e l\u00ebnd\u00ebve narkotike, municionit. Shqiptari gjithashtu [&hellip;]<\/p>\n","protected":false},"author":5,"featured_media":60126,"comment_status":"closed","ping_status":"closed","sticky":false,"template":"","format":"standard","meta":{"footnotes":""},"categories":[1,6332,29228],"tags":[34059,26133,34060],"class_list":{"0":"post-81375","1":"post","2":"type-post","3":"status-publish","4":"format-standard","5":"has-post-thumbnail","7":"category-aktualitet","8":"category-te-fundit","9":"category-vendi","10":"tag-arrestohet-shqiptari-45-vjecar","11":"tag-itali","12":"tag-kerkohej-qe-prej-vitit-2003-per-grabitje-te-rende"},"_links":{"self":[{"href":"https:\/\/jugulajm.net\/index.php?rest_route=\/wp\/v2\/posts\/81375","targetHints":{"allow":["GET"]}}],"collection":[{"href":"https:\/\/jugulajm.net\/index.php?rest_route=\/wp\/v2\/posts"}],"about":[{"href":"https:\/\/jugulajm.net\/index.php?rest_route=\/wp\/v2\/types\/post"}],"author":[{"embeddable":true,"href":"https:\/\/jugulajm.net\/index.php?rest_route=\/wp\/v2\/users\/5"}],"replies":[{"embeddable":true,"href":"https:\/\/jugulajm.net\/index.php?rest_route=%2Fwp%2Fv2%2Fcomments&post=81375"}],"version-history":[{"count":0,"href":"https:\/\/jugulajm.net\/index.php?rest_route=\/wp\/v2\/posts\/81375\/revisions"}],"wp:featuredmedia":[{"embeddable":true,"href":"https:\/\/jugulajm.net\/index.php?rest_route=\/wp\/v2\/media\/60126"}],"wp:attachment":[{"href":"https:\/\/jugulajm.net\/index.php?rest_route=%2Fwp%2Fv2%2Fmedia&parent=81375"}],"wp:term":[{"taxonomy":"category","embeddable":true,"href":"https:\/\/jugulajm.net\/index.php?rest_route=%2Fwp%2Fv2%2Fcategories&post=81375"},{"taxonomy":"post_tag","embeddable":true,"href":"https:\/\/jugulajm.net\/index.php?rest_route=%2Fwp%2Fv2%2Ftags&post=81375"}],"curies":[{"name":"wp","href":"https:\/\/api.w.org\/{rel}","templated":true}]}}