{"id":81286,"date":"2024-11-13T15:40:59","date_gmt":"2024-11-13T14:40:59","guid":{"rendered":"https:\/\/jugulajm.net\/?p=81286"},"modified":"2024-11-13T15:41:24","modified_gmt":"2024-11-13T14:41:24","slug":"video-rama-pret-melonin-i-ulur-ne-gjunje-gjate-samitit-te-klimes","status":"publish","type":"post","link":"https:\/\/jugulajm.net\/?p=81286","title":{"rendered":"VIDEO\/ Rama pret Melonin i ulur n\u00eb gjunj\u00eb gjat\u00eb Samitit t\u00eb Klim\u00ebs"},"content":{"rendered":"<p>Gjat\u00eb samitit t\u00eb klim\u00ebs t\u00eb zhvilluar n\u00eb Baku t\u00eb Azerbajxhanit, Kryeministri i Shqip\u00ebris\u00eb, Edi Rama, u p\u00ebrfshi n\u00eb nj\u00eb moment ku t\u00ebrhoqi v\u00ebmendjen e mediave nd\u00ebrkomb\u00ebtare.<\/p>\n<p>Si\u00e7 shihet dhe n\u00eb videon e m\u00ebposhtme, Rama ulet n\u00eb gjunj\u00eb kur n\u00eb sall\u00eb hyn Meloni.<\/p>\n<div><iframe loading=\"lazy\" src=\"https:\/\/streamable.com\/e\/m4sr81?\" width=\"100%\" height=\"100%\" allowfullscreen=\"allowfullscreen\" data-mce-fragment=\"1\"><\/iframe><\/div>\n<p>Samiti i Klim\u00ebs n\u00eb Baku \u00ebsht\u00eb nj\u00eb ngjarje nd\u00ebrkomb\u00ebtare e r\u00ebnd\u00ebsishme e cila mbledh s\u00eb bashku lider\u00eb bot\u00ebror\u00eb, ekspert\u00eb t\u00eb klim\u00ebs, p\u00ebrfaq\u00ebsues t\u00eb qeverive, organizata nd\u00ebrkomb\u00ebtare, dhe aktivist\u00eb mjedisor\u00eb p\u00ebr t\u00eb diskutuar sfidat dhe zgjidhjet n\u00eb lidhje me ndryshimet klimatike.<\/p>\n","protected":false},"excerpt":{"rendered":"<p>Gjat\u00eb samitit t\u00eb klim\u00ebs t\u00eb zhvilluar n\u00eb Baku t\u00eb Azerbajxhanit, Kryeministri i Shqip\u00ebris\u00eb, Edi Rama, u p\u00ebrfshi n\u00eb nj\u00eb moment ku t\u00ebrhoqi v\u00ebmendjen e mediave nd\u00ebrkomb\u00ebtare. Si\u00e7 shihet dhe n\u00eb videon e m\u00ebposhtme, Rama ulet n\u00eb gjunj\u00eb kur n\u00eb sall\u00eb hyn Meloni. Samiti i Klim\u00ebs n\u00eb Baku \u00ebsht\u00eb nj\u00eb ngjarje nd\u00ebrkomb\u00ebtare e r\u00ebnd\u00ebsishme e cila [&hellip;]<\/p>\n","protected":false},"author":5,"featured_media":81287,"comment_status":"closed","ping_status":"closed","sticky":false,"template":"","format":"standard","meta":{"footnotes":""},"categories":[6326,6332],"tags":[34034],"class_list":{"0":"post-81286","1":"post","2":"type-post","3":"status-publish","4":"format-standard","5":"has-post-thumbnail","7":"category-politike","8":"category-te-fundit","9":"tag-video-rama-pret-melonin-i-ulur-ne-gjunje-gjate-samitit-te-klimes"},"_links":{"self":[{"href":"https:\/\/jugulajm.net\/index.php?rest_route=\/wp\/v2\/posts\/81286","targetHints":{"allow":["GET"]}}],"collection":[{"href":"https:\/\/jugulajm.net\/index.php?rest_route=\/wp\/v2\/posts"}],"about":[{"href":"https:\/\/jugulajm.net\/index.php?rest_route=\/wp\/v2\/types\/post"}],"author":[{"embeddable":true,"href":"https:\/\/jugulajm.net\/index.php?rest_route=\/wp\/v2\/users\/5"}],"replies":[{"embeddable":true,"href":"https:\/\/jugulajm.net\/index.php?rest_route=%2Fwp%2Fv2%2Fcomments&post=81286"}],"version-history":[{"count":0,"href":"https:\/\/jugulajm.net\/index.php?rest_route=\/wp\/v2\/posts\/81286\/revisions"}],"wp:featuredmedia":[{"embeddable":true,"href":"https:\/\/jugulajm.net\/index.php?rest_route=\/wp\/v2\/media\/81287"}],"wp:attachment":[{"href":"https:\/\/jugulajm.net\/index.php?rest_route=%2Fwp%2Fv2%2Fmedia&parent=81286"}],"wp:term":[{"taxonomy":"category","embeddable":true,"href":"https:\/\/jugulajm.net\/index.php?rest_route=%2Fwp%2Fv2%2Fcategories&post=81286"},{"taxonomy":"post_tag","embeddable":true,"href":"https:\/\/jugulajm.net\/index.php?rest_route=%2Fwp%2Fv2%2Ftags&post=81286"}],"curies":[{"name":"wp","href":"https:\/\/api.w.org\/{rel}","templated":true}]}}