{"id":81190,"date":"2024-11-11T20:36:22","date_gmt":"2024-11-11T19:36:22","guid":{"rendered":"https:\/\/jugulajm.net\/?p=81190"},"modified":"2024-11-11T20:37:14","modified_gmt":"2024-11-11T19:37:14","slug":"marreveshja-rama-meloni-gjykata-e-romes-emigrantet-e-gjadrit-te-rikthehen-ne-itali","status":"publish","type":"post","link":"https:\/\/jugulajm.net\/?p=81190","title":{"rendered":"Marr\u00ebveshja Rama-Meloni, Gjykata e Rom\u00ebs: Emigrant\u00ebt e Gjadrit t\u00eb rikthehen n\u00eb Itali"},"content":{"rendered":"<p>Marr\u00ebveshja mes Italis\u00eb dhe Shqip\u00ebris\u00eb p\u00ebr emigrant\u00ebt nuk po funksionon.<\/p>\n<p>Pavar\u00ebsisht se u nd\u00ebrtua kampi n\u00eb Gjad\u00ebr, pakti mes Ram\u00ebs dhe Melonit ka \u201cngecur\u201d pasi Gjykata e Rom\u00ebs dy her\u00eb ka kthyer emigrant\u00ebt drejt Italis\u00eb.<\/p>\n<p>Gjykata n\u00eb Rom\u00eb ka vendosur s\u00ebrish pezullimin e ndalimit t\u00eb 7 emigrant\u00ebve q\u00eb u soll\u00ebn n\u00eb Shqip\u00ebri t\u00eb premten, duke dh\u00ebn\u00eb urdh\u00ebr q\u00eb ata t\u00eb largohen nga qendra e Gjadrit dhe t\u00eb rikthehen s\u00ebrish n\u00eb Itali.<\/p>\n<p>N\u00eb vendimin e gjykat\u00ebs s\u00eb Rom\u00ebs thuhet se kjo \u00e7\u00ebshtje i referohet Gjykat\u00ebs Evropian\u00eb t\u00eb Drejt\u00ebsis\u00eb. 7 emigrant\u00ebt e sjell\u00eb n\u00eb qend\u00ebr t\u00eb premten e kaluar do t\u00eb lirohen n\u00eb or\u00ebt n\u00eb vijim dhe do t\u00eb transferohen n\u00eb Itali, duke mb\u00ebrritur n\u00eb Brindisi.<\/p>\n<p>Gjasht\u00eb gjyqtar\u00eb t\u00eb seksionit t\u00eb imigracionit t\u00eb gjykat\u00ebs s\u00eb Rom\u00ebs u mblodh p\u00ebr t\u00eb vendosur mbi urdhrat e ndalimit t\u00eb shtat\u00eb emigrant\u00ebve.<\/p>\n<p>\u201cDuhet theksuar se kriteret p\u00ebr p\u00ebrcaktimin e nj\u00eb shteti si vend t\u00eb sigurt t\u00eb origjin\u00ebs p\u00ebrcaktohen nga ligji i Bashkimit Evropian. Prandaj, pa cenuar prerogativat e ligjv\u00ebn\u00ebsit komb\u00ebtar, gjyqtari ka p\u00ebr detyr\u00eb t\u00eb verifikoj\u00eb gjithmon\u00eb dhe konkretisht \u2013 si n\u00eb \u00e7do sektor tjet\u00ebr t\u00eb sistemit juridik \u2013 zbatimi korrekt i s\u00eb drejt\u00ebs s\u00eb Unionit, i cili mbizot\u00ebron mbi t\u00eb drejt\u00ebn komb\u00ebtare kur \u00ebsht\u00eb i papajtuesh\u00ebm me t\u00eb, si\u00e7 parashikohet edhe nga Kushtetuta italiane\u201d, thuhet nd\u00ebr t\u00eb tjera n\u00eb vendimin e Gjykat\u00ebs s\u00eb Rom\u00ebs.<\/p>\n<p>Dit\u00eb m\u00eb par\u00eb, 7 azilk\u00ebrkues t\u00eb rinj, 3 nga Egjipti dhe 5 nga Bangladeshi, u transferuan n\u00eb Shqip\u00ebri n\u00eb kuad\u00ebr t\u00eb nj\u00eb procedure p\u00ebrshpejtuese.<\/p>\n<p>Nj\u00ebri prej tyre u rikthye n\u00eb Itali p\u00ebr shkak t\u00eb problemeve sh\u00ebndet\u00ebsore t\u00eb konstatuara pas kontrollit mjek\u00ebsor.<\/p>\n<p>N\u00eb terren ndodhet edhe nj\u00eb delegacion parlamentar nga Partia Demokratike dhe L\u00ebvizja 5 Yjet, si dhe p\u00ebrfaq\u00ebsues t\u00eb shoqatave t\u00eb Tryez\u00ebs s\u00eb Azilit dhe Emigracionit.<\/p>\n<p>Ata po monitorojn\u00eb kushtet e qendrave, duke p\u00ebrfshir\u00eb hap\u00ebsirat e banimit dhe tualetet, p\u00ebr t\u00eb siguruar respektimin e procedurave ligjore dhe nd\u00ebrkomb\u00ebtare.<\/p>\n<p>P\u00ebrfaq\u00ebsuesit e delegacionit e kan\u00eb cil\u00ebsuar qendr\u00ebn si nj\u00eb \u201cburg n\u00eb aj\u00ebr t\u00eb hapur,\u201d duke shprehur shqet\u00ebsime t\u00eb thella p\u00ebr kushtet e emigrant\u00ebve.<\/p>\n<p>Edhe grupi i par\u00eb i emigrant\u00ebve t\u00eb cil\u00ebt mb\u00ebrrit\u00ebn m\u00eb 16 tetor q\u00ebndruan vet\u00ebm tre dit\u00eb n\u00eb Shqip\u00ebri, pasi Gjykata e Rom\u00ebs detyroi Italin\u00eb t\u00eb kthej\u00eb mbrapsht kontigjentin e azilk\u00ebrkuesve sepse nuk vinin nga vende t\u00eb sigurta.<\/p>\n<p>P\u00ebr t\u00eb zgjidhur ng\u00ebr\u00e7in, m\u00eb 21 tetor kryeministrja Giorgia Meloni nxori nj\u00eb dekret ku p\u00ebrdit\u00ebsonte list\u00ebn e vendeve t\u00eb sigurta, por s\u00ebrish \u00e7\u00ebshtja nuk ka marr\u00eb zgjidhje, deri n\u00eb nj\u00eb vendim t\u00eb Gjykat\u00ebs Evropiane.<\/p>\n","protected":false},"excerpt":{"rendered":"<p>Marr\u00ebveshja mes Italis\u00eb dhe Shqip\u00ebris\u00eb p\u00ebr emigrant\u00ebt nuk po funksionon. Pavar\u00ebsisht se u nd\u00ebrtua kampi n\u00eb Gjad\u00ebr, pakti mes Ram\u00ebs dhe Melonit ka \u201cngecur\u201d pasi Gjykata e Rom\u00ebs dy her\u00eb ka kthyer emigrant\u00ebt drejt Italis\u00eb. Gjykata n\u00eb Rom\u00eb ka vendosur s\u00ebrish pezullimin e ndalimit t\u00eb 7 emigrant\u00ebve q\u00eb u soll\u00ebn n\u00eb Shqip\u00ebri t\u00eb premten, duke [&hellip;]<\/p>\n","protected":false},"author":5,"featured_media":67566,"comment_status":"closed","ping_status":"closed","sticky":false,"template":"","format":"standard","meta":{"footnotes":""},"categories":[1,6332],"tags":[34005,34004],"class_list":{"0":"post-81190","1":"post","2":"type-post","3":"status-publish","4":"format-standard","5":"has-post-thumbnail","7":"category-aktualitet","8":"category-te-fundit","9":"tag-gjykata-e-romes-emigrantet-e-gjadrit-te-rikthehen-ne-itali","10":"tag-marreveshja-rama-meloni"},"_links":{"self":[{"href":"https:\/\/jugulajm.net\/index.php?rest_route=\/wp\/v2\/posts\/81190","targetHints":{"allow":["GET"]}}],"collection":[{"href":"https:\/\/jugulajm.net\/index.php?rest_route=\/wp\/v2\/posts"}],"about":[{"href":"https:\/\/jugulajm.net\/index.php?rest_route=\/wp\/v2\/types\/post"}],"author":[{"embeddable":true,"href":"https:\/\/jugulajm.net\/index.php?rest_route=\/wp\/v2\/users\/5"}],"replies":[{"embeddable":true,"href":"https:\/\/jugulajm.net\/index.php?rest_route=%2Fwp%2Fv2%2Fcomments&post=81190"}],"version-history":[{"count":0,"href":"https:\/\/jugulajm.net\/index.php?rest_route=\/wp\/v2\/posts\/81190\/revisions"}],"wp:featuredmedia":[{"embeddable":true,"href":"https:\/\/jugulajm.net\/index.php?rest_route=\/wp\/v2\/media\/67566"}],"wp:attachment":[{"href":"https:\/\/jugulajm.net\/index.php?rest_route=%2Fwp%2Fv2%2Fmedia&parent=81190"}],"wp:term":[{"taxonomy":"category","embeddable":true,"href":"https:\/\/jugulajm.net\/index.php?rest_route=%2Fwp%2Fv2%2Fcategories&post=81190"},{"taxonomy":"post_tag","embeddable":true,"href":"https:\/\/jugulajm.net\/index.php?rest_route=%2Fwp%2Fv2%2Ftags&post=81190"}],"curies":[{"name":"wp","href":"https:\/\/api.w.org\/{rel}","templated":true}]}}