{"id":81153,"date":"2024-11-11T09:39:49","date_gmt":"2024-11-11T08:39:49","guid":{"rendered":"https:\/\/jugulajm.net\/?p=81153"},"modified":"2024-11-11T09:41:45","modified_gmt":"2024-11-11T08:41:45","slug":"foto-parashikimi-i-motit-per-te-gjithe-javen-9","status":"publish","type":"post","link":"https:\/\/jugulajm.net\/?p=81153","title":{"rendered":"FOTO\/ Parashikimi i motit p\u00ebr te gjith\u00eb jav\u00ebn&#8230;"},"content":{"rendered":"<p>P\u00ebr jav\u00ebn e ardhshme, vendi yn\u00eb pritet t\u00eb ndikohet nga kushte atmosferike relativisht t\u00eb q\u00ebndrueshme. Me masa ajrore kryesisht t\u00eb ftohta e vlera t\u00eb larta t\u00eb presionit atmosferik.<\/p>\n<p><img loading=\"lazy\" loading=\"lazy\" decoding=\"async\" class=\"alignnone size-full wp-image-749949 lazyloaded\" src=\"https:\/\/konica.al\/wp-content\/uploads\/2024\/11\/IMG_4031.jpeg\" sizes=\"auto, (max-width: 968px) 100vw, 968px\" srcset=\"https:\/\/konica.al\/wp-content\/uploads\/2024\/11\/IMG_4031.jpeg 968w, https:\/\/konica.al\/wp-content\/uploads\/2024\/11\/IMG_4031-298x300.jpeg 298w, https:\/\/konica.al\/wp-content\/uploads\/2024\/11\/IMG_4031-150x150.jpeg 150w, https:\/\/konica.al\/wp-content\/uploads\/2024\/11\/IMG_4031-768x774.jpeg 768w\" alt=\"\" width=\"968\" height=\"976\" data-src=\"https:\/\/konica.al\/wp-content\/uploads\/2024\/11\/IMG_4031.jpeg\" data-srcset=\"https:\/\/konica.al\/wp-content\/uploads\/2024\/11\/IMG_4031.jpeg 968w, https:\/\/konica.al\/wp-content\/uploads\/2024\/11\/IMG_4031-298x300.jpeg 298w, https:\/\/konica.al\/wp-content\/uploads\/2024\/11\/IMG_4031-150x150.jpeg 150w, https:\/\/konica.al\/wp-content\/uploads\/2024\/11\/IMG_4031-768x774.jpeg 768w\" data-sizes=\"(max-width: 968px) 100vw, 968px\" \/><\/p>\n<p>Sipas Sh\u00ebrbimit Meteologjik Ushtarak, dit\u00ebt e h\u00ebn\u00eb e mart\u00eb e premte vendi yn\u00eb pritet t\u00eb ndikohet nga kushte atmosferike t\u00eb q\u00ebndrueshme. Moti pritet t\u00eb jet\u00eb i kthjell\u00ebt e vran\u00ebsira deri mesatar. Shikim i reduktuar nga prezenca e mjegull\u00ebs s\u00eb dendur \/ mjegullin\u00ebs n\u00eb or\u00ebt e m\u00ebngjesit e t\u00eb mbr\u00ebmjes n\u00eb zonat luginore.<\/p>\n<p>Era pritet t\u00eb jet\u00eb me drejtim nga kuadrati i veriut me shpejt\u00ebsi mesatare 2-8 m\/sek, nd\u00ebrsa p\u00ebrgjat\u00eb vij\u00ebs bregdetare e kryesisht at\u00eb veriper\u00ebndimor\u00eb e lugina 12-14 m\/sek shoq\u00ebruar me val\u00ebzim 1-3 ball\u00eb.<\/p>\n<p>Dit\u00ebt e m\u00ebrkur\u00eb e enjte moti pritet t\u00eb jet\u00eb me alterime kthjellimesh t\u00eb her\u00ebpashershme dhe vran\u00ebsira deri t\u00eb dendura, t\u00eb cilat pritet t\u00eb pasohen n\u00eb pjes\u00ebn m\u00eb t\u00eb madhe t\u00eb territorit me reshje shiu me intensitet t\u00eb ul\u00ebt e lokalisht mesatar.<\/p>\n<p>Reshjet pritet t\u00eb jen\u00eb n\u00eb form\u00ebn e shtr\u00ebngatave afatshkurta shoq\u00ebruar hera \u2013 her\u00ebs me shkarkesa elektrike.<\/p>\n<p>Shikim i reduktuar nga prezenca e mjegull\u00ebs s\u00eb dendur \/ mjegullin\u00ebs n\u00eb or\u00ebt e m\u00ebngjesit e t\u00eb mbr\u00ebmjes si dhe n\u00eb momentin e reshjeve.<\/p>\n<p>Era pritet t\u00eb jet\u00eb me drejtin verilindje \u2013veriper\u00ebndim me shpejt\u00ebsi mesatare 1-6 m\/sek, nd\u00ebrsa p\u00ebrgjat\u00eb vij\u00ebs bregdetare e lugina 8-10 m\/sek shoq\u00ebruar me val\u00ebzim 1-2 ball\u00eb.<\/p>\n","protected":false},"excerpt":{"rendered":"<p>P\u00ebr jav\u00ebn e ardhshme, vendi yn\u00eb pritet t\u00eb ndikohet nga kushte atmosferike relativisht t\u00eb q\u00ebndrueshme. Me masa ajrore kryesisht t\u00eb ftohta e vlera t\u00eb larta t\u00eb presionit atmosferik. Sipas Sh\u00ebrbimit Meteologjik Ushtarak, dit\u00ebt e h\u00ebn\u00eb e mart\u00eb e premte vendi yn\u00eb pritet t\u00eb ndikohet nga kushte atmosferike t\u00eb q\u00ebndrueshme. Moti pritet t\u00eb jet\u00eb i kthjell\u00ebt [&hellip;]<\/p>\n","protected":false},"author":5,"featured_media":55361,"comment_status":"closed","ping_status":"closed","sticky":false,"template":"","format":"standard","meta":{"footnotes":""},"categories":[7650,6332,29228],"tags":[31754],"class_list":{"0":"post-81153","1":"post","2":"type-post","3":"status-publish","4":"format-standard","5":"has-post-thumbnail","7":"category-moti","8":"category-te-fundit","9":"category-vendi","10":"tag-foto-parashikimi-i-motit-per-te-gjithe-javen"},"_links":{"self":[{"href":"https:\/\/jugulajm.net\/index.php?rest_route=\/wp\/v2\/posts\/81153","targetHints":{"allow":["GET"]}}],"collection":[{"href":"https:\/\/jugulajm.net\/index.php?rest_route=\/wp\/v2\/posts"}],"about":[{"href":"https:\/\/jugulajm.net\/index.php?rest_route=\/wp\/v2\/types\/post"}],"author":[{"embeddable":true,"href":"https:\/\/jugulajm.net\/index.php?rest_route=\/wp\/v2\/users\/5"}],"replies":[{"embeddable":true,"href":"https:\/\/jugulajm.net\/index.php?rest_route=%2Fwp%2Fv2%2Fcomments&post=81153"}],"version-history":[{"count":0,"href":"https:\/\/jugulajm.net\/index.php?rest_route=\/wp\/v2\/posts\/81153\/revisions"}],"wp:featuredmedia":[{"embeddable":true,"href":"https:\/\/jugulajm.net\/index.php?rest_route=\/wp\/v2\/media\/55361"}],"wp:attachment":[{"href":"https:\/\/jugulajm.net\/index.php?rest_route=%2Fwp%2Fv2%2Fmedia&parent=81153"}],"wp:term":[{"taxonomy":"category","embeddable":true,"href":"https:\/\/jugulajm.net\/index.php?rest_route=%2Fwp%2Fv2%2Fcategories&post=81153"},{"taxonomy":"post_tag","embeddable":true,"href":"https:\/\/jugulajm.net\/index.php?rest_route=%2Fwp%2Fv2%2Ftags&post=81153"}],"curies":[{"name":"wp","href":"https:\/\/api.w.org\/{rel}","templated":true}]}}