{"id":81091,"date":"2024-11-09T12:27:24","date_gmt":"2024-11-09T11:27:24","guid":{"rendered":"https:\/\/jugulajm.net\/?p=81091"},"modified":"2024-11-09T12:27:24","modified_gmt":"2024-11-09T11:27:24","slug":"emrat-plagosje-ne-gjirokaster-21-vjecari-ne-lufte-per-jeten-arrestohet-autori-29-vjecar","status":"publish","type":"post","link":"https:\/\/jugulajm.net\/?p=81091","title":{"rendered":"EMRAT\/ Plagosje n\u00eb Gjirokast\u00ebr, 21-vje\u00e7ari n\u00eb luft\u00eb p\u00ebr jet\u00ebn, arrestohet autori 29-vje\u00e7ar"},"content":{"rendered":"<p>Dje n\u00eb mbr\u00ebmje \u00ebsht\u00eb plagosur me thik\u00eb n\u00eb Gjirokast\u00ebr nj\u00eb i ri, i cili ndodhet n\u00eb gjendje t\u00eb r\u00ebnd\u00eb p\u00ebr jet\u00ebn.<\/p>\n<p>Policia lokale b\u00ebn t\u00eb ditur se, Ledion Haska, 21 vje\u00e7, u plagos me thik\u00eb n\u00eb lagjen \u2018Kodra e Shtufit\u2019, dhe \u00ebsht\u00eb d\u00ebrguar me urgjenc\u00eb p\u00ebr n\u00eb Spitalin e Traum\u00ebs n\u00eb Tiran\u00eb, ku ndodhet n\u00eb gjendje kritike.<\/p>\n<p>Nga ana tjet\u00ebr, n\u00eb or\u00ebt e para t\u00eb dit\u00ebs s\u00eb sotme \u00ebsht\u00eb arrestuar autori i dyshuar i k\u00ebtij krimi, Luljan Dhima, 29 vje\u00e7.<\/p>\n<p><strong>Njoftimi i policis\u00eb:<\/strong><\/p>\n<p><em>N\u00eb vijim t\u00eb informacionit paraprak t\u00eb dh\u00ebn\u00eb mbr\u00ebmjen e djeshme, p\u00ebr ngjarjen e ndodhur n\u00eb lagjen \u2018Kodra e Shtufit\u2019, ju informojm\u00eb se specialist\u00ebt p\u00ebr Hetimin e Krimeve t\u00eb R\u00ebnda n\u00eb DVP Gjirokast\u00ebr arrestuan n\u00eb flagranc\u00eb p\u00ebr vepr\u00ebn penale \u2018Plagosja e r\u00ebnd\u00eb me dashje\u2019, shtetasin L. Dh., 29 vje\u00e7, banues n\u00eb Gjirokast\u00ebr, pasi gjat\u00eb nj\u00eb konflikti t\u00eb \u00e7astit p\u00ebr motive t\u00eb dob\u00ebta, ka goditur me mjet prer\u00ebs (thik\u00eb), shtetasin L. H., 21 vje\u00e7, banues n\u00eb lagjen \u2018Kodra e Shtufit\u2019, i cili aktualisht ndodhet n\u00eb spitalin e Traum\u00ebs, Tiran\u00eb, n\u00eb gjendje t\u00eb r\u00ebnd\u00eb sh\u00ebndet\u00ebsore.<\/em><\/p>\n<p><em>N\u00eb cil\u00ebsin\u00eb e prov\u00ebs materiale u sekuestrua mjeti prer\u00ebs (thik\u00eb).\u00a0\u00a0\u00a0\u00a0<\/em><\/p>\n","protected":false},"excerpt":{"rendered":"<p>Dje n\u00eb mbr\u00ebmje \u00ebsht\u00eb plagosur me thik\u00eb n\u00eb Gjirokast\u00ebr nj\u00eb i ri, i cili ndodhet n\u00eb gjendje t\u00eb r\u00ebnd\u00eb p\u00ebr jet\u00ebn. Policia lokale b\u00ebn t\u00eb ditur se, Ledion Haska, 21 vje\u00e7, u plagos me thik\u00eb n\u00eb lagjen \u2018Kodra e Shtufit\u2019, dhe \u00ebsht\u00eb d\u00ebrguar me urgjenc\u00eb p\u00ebr n\u00eb Spitalin e Traum\u00ebs n\u00eb Tiran\u00eb, ku ndodhet n\u00eb [&hellip;]<\/p>\n","protected":false},"author":5,"featured_media":51910,"comment_status":"closed","ping_status":"closed","sticky":false,"template":"","format":"standard","meta":{"footnotes":""},"categories":[1,6332,29228],"tags":[33971,33972,33973],"class_list":{"0":"post-81091","1":"post","2":"type-post","3":"status-publish","4":"format-standard","5":"has-post-thumbnail","7":"category-aktualitet","8":"category-te-fundit","9":"category-vendi","10":"tag-21-vjecari-ne-lufte-per-jeten","11":"tag-arrestohet-autori-29-vjecar","12":"tag-emrat-plagosje-ne-gjirokaster"},"_links":{"self":[{"href":"https:\/\/jugulajm.net\/index.php?rest_route=\/wp\/v2\/posts\/81091","targetHints":{"allow":["GET"]}}],"collection":[{"href":"https:\/\/jugulajm.net\/index.php?rest_route=\/wp\/v2\/posts"}],"about":[{"href":"https:\/\/jugulajm.net\/index.php?rest_route=\/wp\/v2\/types\/post"}],"author":[{"embeddable":true,"href":"https:\/\/jugulajm.net\/index.php?rest_route=\/wp\/v2\/users\/5"}],"replies":[{"embeddable":true,"href":"https:\/\/jugulajm.net\/index.php?rest_route=%2Fwp%2Fv2%2Fcomments&post=81091"}],"version-history":[{"count":0,"href":"https:\/\/jugulajm.net\/index.php?rest_route=\/wp\/v2\/posts\/81091\/revisions"}],"wp:featuredmedia":[{"embeddable":true,"href":"https:\/\/jugulajm.net\/index.php?rest_route=\/wp\/v2\/media\/51910"}],"wp:attachment":[{"href":"https:\/\/jugulajm.net\/index.php?rest_route=%2Fwp%2Fv2%2Fmedia&parent=81091"}],"wp:term":[{"taxonomy":"category","embeddable":true,"href":"https:\/\/jugulajm.net\/index.php?rest_route=%2Fwp%2Fv2%2Fcategories&post=81091"},{"taxonomy":"post_tag","embeddable":true,"href":"https:\/\/jugulajm.net\/index.php?rest_route=%2Fwp%2Fv2%2Ftags&post=81091"}],"curies":[{"name":"wp","href":"https:\/\/api.w.org\/{rel}","templated":true}]}}