{"id":80814,"date":"2024-11-04T08:41:31","date_gmt":"2024-11-04T07:41:31","guid":{"rendered":"https:\/\/jugulajm.net\/?p=80814"},"modified":"2024-11-04T08:41:31","modified_gmt":"2024-11-04T07:41:31","slug":"foto-parashikimi-i-motit-per-te-gjithe-javen-8","status":"publish","type":"post","link":"https:\/\/jugulajm.net\/?p=80814","title":{"rendered":"FOTO\/ Parashikimi i motit p\u00ebr t\u00eb gjith\u00eb jav\u00ebn"},"content":{"rendered":"<div class=\"entry-content px-2 px-sm-3\">\n<p>Ashtu si\u00e7 po ndodh tashm\u00eb prej disa dit\u00ebsh edhe p\u00ebr jav\u00ebn e ardhshme vendi yn\u00eb do t\u00eb vijoj\u00eb t\u00eb ndikohet nga kushte t\u00eb q\u00ebndrueshme atmosferike.<\/p>\n<p>Sipas Sh\u00ebrbimit Meteorologjik Ushtarak, kjo situat\u00eb vjen si pasoj\u00eb e ndikimit t\u00eb nj\u00eb fushe t\u00eb zgjeruar anticiklonare shoq\u00ebruar me masa ajrore t\u00eb thata.<\/p>\n<p>N\u00eb k\u00ebt\u00eb m\u00ebnyr\u00eb moti p\u00ebr t\u00eb gjitha dit\u00ebt e jav\u00ebs moti parashikohet i kthjell\u00ebt e vran\u00ebsira t\u00eb pakta kalimtare.<\/p>\n<p>Era p\u00ebrgjat\u00eb k\u00ebtyre dit\u00ebve do t\u00eb fryj\u00eb me drejtim kryesor me drejtim nga kuadrati i veriut dhe shpejt\u00ebsi mesatare 1-5 m\/s, nd\u00ebrsa hera-her\u00ebs p\u00ebrgjat\u00eb vij\u00ebs bregdetare dhe lugina era fiton shpejt\u00ebsi deri n\u00eb 8-12m\/s.<\/p>\n<p><img loading=\"lazy\" loading=\"lazy\" decoding=\"async\" class=\"alignnone size-full wp-image-742747\" src=\"https:\/\/albeu.com\/wp-content\/uploads\/2024\/11\/465181306_971852518272797_891224887129415547_n-640x478-1-1.jpg\" sizes=\"auto, (max-width: 640px) 100vw, 640px\" srcset=\"https:\/\/albeu.com\/wp-content\/uploads\/2024\/11\/465181306_971852518272797_891224887129415547_n-640x478-1-1.jpg 640w, https:\/\/albeu.com\/wp-content\/uploads\/2024\/11\/465181306_971852518272797_891224887129415547_n-640x478-1-1-300x224.jpg 300w\" alt=\"\" width=\"640\" height=\"478\" \/><\/p>\n<\/div>\n","protected":false},"excerpt":{"rendered":"<p>Ashtu si\u00e7 po ndodh tashm\u00eb prej disa dit\u00ebsh edhe p\u00ebr jav\u00ebn e ardhshme vendi yn\u00eb do t\u00eb vijoj\u00eb t\u00eb ndikohet nga kushte t\u00eb q\u00ebndrueshme atmosferike. Sipas Sh\u00ebrbimit Meteorologjik Ushtarak, kjo situat\u00eb vjen si pasoj\u00eb e ndikimit t\u00eb nj\u00eb fushe t\u00eb zgjeruar anticiklonare shoq\u00ebruar me masa ajrore t\u00eb thata. N\u00eb k\u00ebt\u00eb m\u00ebnyr\u00eb moti p\u00ebr t\u00eb gjitha [&hellip;]<\/p>\n","protected":false},"author":5,"featured_media":47843,"comment_status":"closed","ping_status":"closed","sticky":false,"template":"","format":"standard","meta":{"footnotes":""},"categories":[7650,6332,29228],"tags":[31754],"class_list":{"0":"post-80814","1":"post","2":"type-post","3":"status-publish","4":"format-standard","5":"has-post-thumbnail","7":"category-moti","8":"category-te-fundit","9":"category-vendi","10":"tag-foto-parashikimi-i-motit-per-te-gjithe-javen"},"_links":{"self":[{"href":"https:\/\/jugulajm.net\/index.php?rest_route=\/wp\/v2\/posts\/80814","targetHints":{"allow":["GET"]}}],"collection":[{"href":"https:\/\/jugulajm.net\/index.php?rest_route=\/wp\/v2\/posts"}],"about":[{"href":"https:\/\/jugulajm.net\/index.php?rest_route=\/wp\/v2\/types\/post"}],"author":[{"embeddable":true,"href":"https:\/\/jugulajm.net\/index.php?rest_route=\/wp\/v2\/users\/5"}],"replies":[{"embeddable":true,"href":"https:\/\/jugulajm.net\/index.php?rest_route=%2Fwp%2Fv2%2Fcomments&post=80814"}],"version-history":[{"count":0,"href":"https:\/\/jugulajm.net\/index.php?rest_route=\/wp\/v2\/posts\/80814\/revisions"}],"wp:featuredmedia":[{"embeddable":true,"href":"https:\/\/jugulajm.net\/index.php?rest_route=\/wp\/v2\/media\/47843"}],"wp:attachment":[{"href":"https:\/\/jugulajm.net\/index.php?rest_route=%2Fwp%2Fv2%2Fmedia&parent=80814"}],"wp:term":[{"taxonomy":"category","embeddable":true,"href":"https:\/\/jugulajm.net\/index.php?rest_route=%2Fwp%2Fv2%2Fcategories&post=80814"},{"taxonomy":"post_tag","embeddable":true,"href":"https:\/\/jugulajm.net\/index.php?rest_route=%2Fwp%2Fv2%2Ftags&post=80814"}],"curies":[{"name":"wp","href":"https:\/\/api.w.org\/{rel}","templated":true}]}}