{"id":80772,"date":"2024-11-03T12:19:22","date_gmt":"2024-11-03T11:19:22","guid":{"rendered":"https:\/\/jugulajm.net\/?p=80772"},"modified":"2024-11-03T12:19:22","modified_gmt":"2024-11-03T11:19:22","slug":"rama-nga-selaniku-as-be-as-shba-nuk-e-benin-dot-drejtesine-e-re-ate-e-krijuam-vetem-ne","status":"publish","type":"post","link":"https:\/\/jugulajm.net\/?p=80772","title":{"rendered":"Rama nga Selaniku: As BE as SHBA nuk e b\u00ebnin dot drejt\u00ebsin\u00eb e re, at\u00eb e krijuam vet\u00ebm ne"},"content":{"rendered":"<p>Duke folur para shqiptar\u00ebve n\u00eb Selanik, Greqi, Edi Rama k\u00ebrkoi vot\u00ebn e tyre n\u00eb zgjedhjet e pranver\u00ebs, duke th\u00ebn\u00eb se PS \u00ebsht\u00eb e vetmja forc\u00eb politike, q\u00eb ka \u00e7liruar drejt\u00ebsin\u00eb nga duart e partis\u00eb n\u00eb pushtet.<\/p>\n<p>P\u00ebr arrestimet e politikan\u00ebve t\u00eb PS nga SPAK, ai tha se p\u00ebr \u201carsye t\u00eb kontrat\u00ebs q\u00eb kam me shqiptar\u00ebt q\u00eb m\u00eb kan\u00eb dh\u00ebn\u00eb besimin, jam krenar q\u00eb me nj\u00eb kurajo dhe vizion shtetb\u00ebr\u00ebs PS plot\u00ebsisht t\u00eb vet\u00ebdijsh\u00ebm t\u00eb gjith\u00eb bashk\u00eb p\u00ebr dhimbjet q\u00eb do sillte nj\u00eb reform\u00eb e till\u00eb, ia hoqi duart e pushteti politik drejt\u00ebsis\u00eb\u201d.<\/p>\n<p>Ai u shpreh se reform\u00ebn n\u00eb drejt\u00ebsi nuk mund\u00ebn ta realizonin as SHBA dhe as BE por k\u00ebt\u00eb gj\u00eb e arriti partia e tij.<\/p>\n<p><em>\u201cJam krenar q\u00eb me vot\u00ebn e shqiptar\u00ebve PS erdhi n\u00eb qeveri dhe udh\u00ebhoq\u00ebm nj\u00eb reform\u00eb n\u00eb drejt\u00ebsi q\u00eb fshiu nj\u00eb pjes\u00eb t\u00eb llumit me vetingun n\u00eb drejt\u00ebsi, dhe tani po fshin llumin shum\u00ebvje\u00e7ar t\u00eb politik\u00ebs.<\/em><\/p>\n<p><em>Reform\u00ebn n\u00eb drejt\u00ebsi thuhet e b\u00ebri Amerika. Kjo nuk \u00ebsht\u00eb e v\u00ebrtet\u00eb, sepse Amerika ishte edhe m\u00eb par\u00eb dhe nuk b\u00eb, Amerika \u00ebsht\u00eb edhe n\u00eb mal t\u00eb ZI dhe Maqedoni e Kosov\u00eb, por vet\u00ebm n\u00eb Shqip\u00ebri \u00ebsht\u00eb b\u00ebr\u00eb e mundur ajo q\u00eb po ndodh. N\u00ebse SHBA e kishte k\u00ebt\u00eb peshqesh kaq kollaj pse nuk na e solli m\u00eb par\u00eb por na la t\u00eb jetonin n\u00ebn nj\u00eb drejt\u00ebsi t\u00eb n\u00ebnshtruar? Sepse as SHBA as BE nuk e b\u00ebjn\u00eb do t\u00eb n\u00eb vene t\u00eb tjera n\u00ebse nuk \u00ebsht\u00eb forca e brendshme q\u00eb ne e kemi.\u201d<\/em><\/p>\n","protected":false},"excerpt":{"rendered":"<p>Duke folur para shqiptar\u00ebve n\u00eb Selanik, Greqi, Edi Rama k\u00ebrkoi vot\u00ebn e tyre n\u00eb zgjedhjet e pranver\u00ebs, duke th\u00ebn\u00eb se PS \u00ebsht\u00eb e vetmja forc\u00eb politike, q\u00eb ka \u00e7liruar drejt\u00ebsin\u00eb nga duart e partis\u00eb n\u00eb pushtet. P\u00ebr arrestimet e politikan\u00ebve t\u00eb PS nga SPAK, ai tha se p\u00ebr \u201carsye t\u00eb kontrat\u00ebs q\u00eb kam me shqiptar\u00ebt [&hellip;]<\/p>\n","protected":false},"author":5,"featured_media":77316,"comment_status":"closed","ping_status":"closed","sticky":false,"template":"","format":"standard","meta":{"footnotes":""},"categories":[1,6332,29228],"tags":[33886,33885],"class_list":{"0":"post-80772","1":"post","2":"type-post","3":"status-publish","4":"format-standard","5":"has-post-thumbnail","7":"category-aktualitet","8":"category-te-fundit","9":"category-vendi","10":"tag-ate-e-krijuam-vetem-ne","11":"tag-rama-nga-selaniku-as-be-as-shba-nuk-e-benin-dot-drejtesine-e-re"},"_links":{"self":[{"href":"https:\/\/jugulajm.net\/index.php?rest_route=\/wp\/v2\/posts\/80772","targetHints":{"allow":["GET"]}}],"collection":[{"href":"https:\/\/jugulajm.net\/index.php?rest_route=\/wp\/v2\/posts"}],"about":[{"href":"https:\/\/jugulajm.net\/index.php?rest_route=\/wp\/v2\/types\/post"}],"author":[{"embeddable":true,"href":"https:\/\/jugulajm.net\/index.php?rest_route=\/wp\/v2\/users\/5"}],"replies":[{"embeddable":true,"href":"https:\/\/jugulajm.net\/index.php?rest_route=%2Fwp%2Fv2%2Fcomments&post=80772"}],"version-history":[{"count":0,"href":"https:\/\/jugulajm.net\/index.php?rest_route=\/wp\/v2\/posts\/80772\/revisions"}],"wp:featuredmedia":[{"embeddable":true,"href":"https:\/\/jugulajm.net\/index.php?rest_route=\/wp\/v2\/media\/77316"}],"wp:attachment":[{"href":"https:\/\/jugulajm.net\/index.php?rest_route=%2Fwp%2Fv2%2Fmedia&parent=80772"}],"wp:term":[{"taxonomy":"category","embeddable":true,"href":"https:\/\/jugulajm.net\/index.php?rest_route=%2Fwp%2Fv2%2Fcategories&post=80772"},{"taxonomy":"post_tag","embeddable":true,"href":"https:\/\/jugulajm.net\/index.php?rest_route=%2Fwp%2Fv2%2Ftags&post=80772"}],"curies":[{"name":"wp","href":"https:\/\/api.w.org\/{rel}","templated":true}]}}