{"id":80759,"date":"2024-11-03T08:50:27","date_gmt":"2024-11-03T07:50:27","guid":{"rendered":"https:\/\/jugulajm.net\/?p=80759"},"modified":"2024-11-03T08:50:27","modified_gmt":"2024-11-03T07:50:27","slug":"emri-foto-gjermani-33-vjecari-shqiptar-gjendet-i-pajete-shqiptaret-mobilizohet-per-te-sjell-trupin-ne-atdhe","status":"publish","type":"post","link":"https:\/\/jugulajm.net\/?p=80759","title":{"rendered":"EMRI-FOTO\/ Gjermani, 33-vje\u00e7ari shqiptar gjendet i pajet\u00eb, shqiptar\u00ebt mobilizohet p\u00ebr t\u00eb sjell trupin n\u00eb atdhe"},"content":{"rendered":"<p>Nj\u00eb ngjarje e r\u00ebnd\u00eb ka ndodhur n\u00eb Hamburg, Gjermani, ku 33-vje\u00e7ari Dritan Lalaj nga Frakulla e Fierit \u00ebsht\u00eb gjetur i vdekur. Policia gjermane e zbuloi trupin e tij m\u00eb 1 n\u00ebntor, dhe hetimet fillestare sugjerojn\u00eb se mund t\u00eb ket\u00eb qen\u00eb nj\u00eb vet\u00ebvrasje.<\/p>\n<p>Familjar\u00ebt e tij tregojn\u00eb se Dritani i kishte d\u00ebrguar nj\u00eb let\u00ebr kush\u00ebririt dy jav\u00eb m\u00eb par\u00eb, n\u00eb t\u00eb cil\u00ebn shprehte d\u00ebshira p\u00ebr t\u2019i dh\u00ebn\u00eb fund jet\u00ebs.<\/p>\n<p>Shqiptar\u00ebt n\u00eb Gjermani ka organizuar nj\u00eb grumbullim fondesh p\u00ebr t\u00eb ndihmuar n\u00eb kthimin e trupit t\u00eb tij n\u00eb Shqip\u00ebri, p\u00ebr shkak t\u00eb situat\u00ebs ekonomike t\u00eb v\u00ebshtir\u00eb t\u00eb familjes.<\/p>\n<p>Trupi i Dritanit pritet t\u00eb arrij\u00eb n\u00eb Shqip\u00ebri brenda disa dit\u00ebsh. Ai ishte djali i vet\u00ebm i familjes; pes\u00eb vjet m\u00eb par\u00eb humbi n\u00ebn\u00ebn e tij, dhe tani babai i tij, Gori Lalaj, \u00ebsht\u00eb i s\u00ebmur\u00eb dhe pa t\u00eb ardhura, duke mbetur i vet\u00ebm.<\/p>\n","protected":false},"excerpt":{"rendered":"<p>Nj\u00eb ngjarje e r\u00ebnd\u00eb ka ndodhur n\u00eb Hamburg, Gjermani, ku 33-vje\u00e7ari Dritan Lalaj nga Frakulla e Fierit \u00ebsht\u00eb gjetur i vdekur. Policia gjermane e zbuloi trupin e tij m\u00eb 1 n\u00ebntor, dhe hetimet fillestare sugjerojn\u00eb se mund t\u00eb ket\u00eb qen\u00eb nj\u00eb vet\u00ebvrasje. Familjar\u00ebt e tij tregojn\u00eb se Dritani i kishte d\u00ebrguar nj\u00eb let\u00ebr kush\u00ebririt dy [&hellip;]<\/p>\n","protected":false},"author":5,"featured_media":80760,"comment_status":"closed","ping_status":"closed","sticky":false,"template":"","format":"standard","meta":{"footnotes":""},"categories":[1,7664,6332],"tags":[33882,30632,33883],"class_list":{"0":"post-80759","1":"post","2":"type-post","3":"status-publish","4":"format-standard","5":"has-post-thumbnail","7":"category-aktualitet","8":"category-bota","9":"category-te-fundit","10":"tag-33-vjecari-shqiptar-gjendet-i-pajete","11":"tag-emri-foto-gjermani","12":"tag-shqiptaret-mobilizohet-per-te-sjell-trupin-ne-atdhe"},"_links":{"self":[{"href":"https:\/\/jugulajm.net\/index.php?rest_route=\/wp\/v2\/posts\/80759","targetHints":{"allow":["GET"]}}],"collection":[{"href":"https:\/\/jugulajm.net\/index.php?rest_route=\/wp\/v2\/posts"}],"about":[{"href":"https:\/\/jugulajm.net\/index.php?rest_route=\/wp\/v2\/types\/post"}],"author":[{"embeddable":true,"href":"https:\/\/jugulajm.net\/index.php?rest_route=\/wp\/v2\/users\/5"}],"replies":[{"embeddable":true,"href":"https:\/\/jugulajm.net\/index.php?rest_route=%2Fwp%2Fv2%2Fcomments&post=80759"}],"version-history":[{"count":0,"href":"https:\/\/jugulajm.net\/index.php?rest_route=\/wp\/v2\/posts\/80759\/revisions"}],"wp:featuredmedia":[{"embeddable":true,"href":"https:\/\/jugulajm.net\/index.php?rest_route=\/wp\/v2\/media\/80760"}],"wp:attachment":[{"href":"https:\/\/jugulajm.net\/index.php?rest_route=%2Fwp%2Fv2%2Fmedia&parent=80759"}],"wp:term":[{"taxonomy":"category","embeddable":true,"href":"https:\/\/jugulajm.net\/index.php?rest_route=%2Fwp%2Fv2%2Fcategories&post=80759"},{"taxonomy":"post_tag","embeddable":true,"href":"https:\/\/jugulajm.net\/index.php?rest_route=%2Fwp%2Fv2%2Ftags&post=80759"}],"curies":[{"name":"wp","href":"https:\/\/api.w.org\/{rel}","templated":true}]}}