{"id":80544,"date":"2024-10-31T12:37:36","date_gmt":"2024-10-31T11:37:36","guid":{"rendered":"https:\/\/jugulajm.net\/?p=80544"},"modified":"2024-10-31T12:38:23","modified_gmt":"2024-10-31T11:38:23","slug":"rikthehet-seriali-njerez-dhe-fate-flasin-era-dhe-flori","status":"publish","type":"post","link":"https:\/\/jugulajm.net\/?p=80544","title":{"rendered":"Rikthehet seriali \u201cNjer\u00ebz dhe fate\u201d, flasin &#8216;Era&#8217; dhe &#8216;Flori&#8217;&#8230;"},"content":{"rendered":"<p>Ajo ishte ende studente n\u00eb Akademin\u00eb e Arteve, kur iu besua q\u00eb t\u00eb luante rolin e Er\u00ebs n\u00eb serialin shqiptar \u201cNjer\u00ebz dhe fate\u201d. E ftuar n\u00eb nj\u00eb program televiziv aktorja Eni Jani kthehet pas n\u00eb nostalgjin\u00eb e kujtimeve t\u00eb viteve 2000, teksa shton se rikthimi i filmit e ka lumturuar jasht\u00eb mase.<\/p>\n<p>Pas 20 viteve Era e vog\u00ebl dhe \u00e7apk\u00ebne \u00ebsht\u00eb n\u00ebn\u00eb e dy f\u00ebmij\u00ebve, ky \u00ebsht\u00eb roli q\u00eb aktorja luan n\u00eb filmin \u201cNjer\u00ebz dhe fate 2\u201d. Duke e cil\u00ebsuar si nj\u00eb dhurat\u00eb pjes\u00ebmarrjen e saj n\u00eb serial, ajo shprehet se ende sot e k\u00ebsaj dite njer\u00ebz e njohin dhe e quajn\u00eb \u201cEra\u201d.<\/p>\n<p>Me sa duket, e nj\u00ebjta gj\u00eb ndodh edhe me \u201cthyesin e zemrave\u201d t\u00eb vajzave, Florin.<\/p>\n<p>Aktori Arben Derhemi tregon gjithashtu se p\u00ebr \u00e7udi shum\u00eb f\u00ebmij\u00eb dhe adoleshent\u00eb e njohin at\u00eb si \u201cFlori i Njer\u00ebz dhe fate.\u201d<\/p>\n<p><strong>PJESE NGA BISEDA<\/strong><\/p>\n<p><strong>Eni Jani:<\/strong> Ka qen\u00eb nj\u00eb koh\u00eb shum\u00eb e bukur, un\u00eb p\u00ebr shembull e kam shijuar shum\u00eb. Un\u00eb isha akoma n\u00eb Akademi dhe e shikoja si nj\u00eb gj\u00eb t\u00eb pabesueshme, sepse akoma studente, mua mu tha nj\u00eb mund\u00ebsi e till\u00eb. T\u00eb t\u00eb jepej mund\u00ebsia n\u00eb nj\u00eb serial q\u00eb po b\u00ebhej p\u00ebr her\u00eb t\u00eb par\u00eb dhe t\u00eb ishe nj\u00eb personazh me jo pak pesh\u00eb, p\u00ebr mua ishte nj\u00eb gj\u00eb e jasht\u00ebzakonshme, p\u00ebr mua ishte fat, e konsideroj fat. Normalisht e kam shijuar. Mbase sot do ta mendoja m\u00eb tep\u00ebr, do t\u00eb isha me m\u00eb shum\u00eb mendime, por n\u00eb at\u00eb koh\u00eb un\u00eb e kam marr\u00eb si dhurat\u00eb dhe e kam shijuar si nj\u00eb t\u00eb till\u00eb.<\/p>\n<div class=\"jeg_ad jeg_ad_article jnews_content_inline_2_ads \">\n<div class=\"ads-wrapper align-center \">\n<div class=\"ads_code\"><strong>Moderatorja:<\/strong> Si nj\u00eb shans q\u00eb t\u2019u dha n\u00eb jet\u00eb.<\/div>\n<div><\/div>\n<div><strong>Eni Jani:<\/strong> Dhe ashtu ka rezultuar v\u00ebrtet\u00eb. Ka njer\u00ebz q\u00eb m\u00eb th\u00ebrrasin Era sot e k\u00ebsaj dite.<\/div>\n<\/div>\n<\/div>\n<p>Moderatorja: Sa role keni interpretuar ju nd\u00ebr koh\u00eb, prap\u00eb s\u00eb prap\u00eb ai personazh q\u00eb keni pasur at\u00ebher\u00eb dhe q\u00eb keni p\u00ebrfaq\u00ebsuar ka mbetur n\u00eb mendjen e t\u00eb gjith\u00eb publikut dhe iu identifikojn\u00eb ende me personazhin atje.<\/p>\n<p><strong>Arben Derhemi:<\/strong> Jo m\u00eb larg se dje ishin disa f\u00ebmij\u00eb t\u00eb vegj\u00ebl atje tek semafori, mua nuk ma merrte mendja se ata do t\u00eb m\u00eb njihnin se ishin f\u00ebmij\u00eb t\u00eb vegj\u00ebl dhe mosh\u00eb e vog\u00ebl, ishin 6-vje\u00e7, m\u00eb thirr\u00ebn \u201coooo Flori.\u201d<\/p>\n<p><strong>Moderatorja:<\/strong> Dhe ty t\u00eb \u00ebsht\u00eb b\u00ebr\u00eb refleks q\u00eb sa her\u00eb t\u00eb th\u00ebrrasin Flori ti kthen kok\u00ebn.<\/p>\n<p><strong>Eni Jani:<\/strong> Gj\u00ebja m\u00eb e bukur \u00ebsht\u00eb q\u00eb sot e k\u00ebsaj dite, sidomos tani q\u00eb ka dal\u00eb dhe promo e filmit dhe m\u00eb shkruajn\u00eb shum\u00eb vajza q\u00eb m\u00eb thon\u00eb; \u201cMua ma kan\u00eb v\u00ebn\u00eb emrin Era nga filmi, dhe un\u00eb e kam ermin Era nga ai film.\u201d \u00cbsht\u00eb shum\u00eb bukur kur t\u00eb shkruajn\u00eb sepse impakti q\u00eb ka pasur ai serial ka qen\u00eb aq i madh saq\u00eb dhe personazhe t\u00eb ndrysh\u00ebm t\u2019i v\u00ebn\u00eb emra tek f\u00ebmij\u00ebt.<\/p>\n","protected":false},"excerpt":{"rendered":"<p>Ajo ishte ende studente n\u00eb Akademin\u00eb e Arteve, kur iu besua q\u00eb t\u00eb luante rolin e Er\u00ebs n\u00eb serialin shqiptar \u201cNjer\u00ebz dhe fate\u201d. E ftuar n\u00eb nj\u00eb program televiziv aktorja Eni Jani kthehet pas n\u00eb nostalgjin\u00eb e kujtimeve t\u00eb viteve 2000, teksa shton se rikthimi i filmit e ka lumturuar jasht\u00eb mase. Pas 20 viteve [&hellip;]<\/p>\n","protected":false},"author":5,"featured_media":80545,"comment_status":"closed","ping_status":"closed","sticky":false,"template":"","format":"standard","meta":{"footnotes":""},"categories":[7665,6332,29228],"tags":[33832,33831],"class_list":{"0":"post-80544","1":"post","2":"type-post","3":"status-publish","4":"format-standard","5":"has-post-thumbnail","7":"category-art","8":"category-te-fundit","9":"category-vendi","10":"tag-flasin-era-dhe-flori","11":"tag-rikthehet-seriali-njerez-dhe-fate"},"_links":{"self":[{"href":"https:\/\/jugulajm.net\/index.php?rest_route=\/wp\/v2\/posts\/80544","targetHints":{"allow":["GET"]}}],"collection":[{"href":"https:\/\/jugulajm.net\/index.php?rest_route=\/wp\/v2\/posts"}],"about":[{"href":"https:\/\/jugulajm.net\/index.php?rest_route=\/wp\/v2\/types\/post"}],"author":[{"embeddable":true,"href":"https:\/\/jugulajm.net\/index.php?rest_route=\/wp\/v2\/users\/5"}],"replies":[{"embeddable":true,"href":"https:\/\/jugulajm.net\/index.php?rest_route=%2Fwp%2Fv2%2Fcomments&post=80544"}],"version-history":[{"count":0,"href":"https:\/\/jugulajm.net\/index.php?rest_route=\/wp\/v2\/posts\/80544\/revisions"}],"wp:featuredmedia":[{"embeddable":true,"href":"https:\/\/jugulajm.net\/index.php?rest_route=\/wp\/v2\/media\/80545"}],"wp:attachment":[{"href":"https:\/\/jugulajm.net\/index.php?rest_route=%2Fwp%2Fv2%2Fmedia&parent=80544"}],"wp:term":[{"taxonomy":"category","embeddable":true,"href":"https:\/\/jugulajm.net\/index.php?rest_route=%2Fwp%2Fv2%2Fcategories&post=80544"},{"taxonomy":"post_tag","embeddable":true,"href":"https:\/\/jugulajm.net\/index.php?rest_route=%2Fwp%2Fv2%2Ftags&post=80544"}],"curies":[{"name":"wp","href":"https:\/\/api.w.org\/{rel}","templated":true}]}}