{"id":80030,"date":"2024-10-23T18:35:44","date_gmt":"2024-10-23T16:35:44","guid":{"rendered":"https:\/\/jugulajm.net\/?p=80030"},"modified":"2024-10-23T18:35:44","modified_gmt":"2024-10-23T16:35:44","slug":"perfundon-seanca-gjkko-merr-vendim-per-meten-dhe-kryemadhin","status":"publish","type":"post","link":"https:\/\/jugulajm.net\/?p=80030","title":{"rendered":"P\u00ebrfundon seanca, GJKKO merr vendim p\u00ebr Met\u00ebn dhe Kryemadhin"},"content":{"rendered":"<p>Gjykata e Posa\u00e7me ka l\u00ebn\u00eb n\u00eb fuqi mas\u00ebn e siguris\u00eb \u201cArrest me Burg\u201d p\u00ebr Ilir Met\u00ebn, i cili u arrestua dy dit\u00eb m\u00eb par\u00eb me urdh\u00ebr t\u00eb SPAK p\u00ebr korrupsion dhe fshehje pasurie n\u00eb lidhje me \u00e7\u00ebshtjen e CEZ-DIA dhe lobimin n\u00eb SHBA.<\/p>\n<p>Gjithashtu, jan\u00eb l\u00ebn\u00eb n\u00eb fuqi dhe masat e siguris\u00eb \u201cdetyrim paraqitje\u201d p\u00ebr deputeten Monika Kryemadhi dhe shtetasen Ema \u00c7oku, nd\u00ebrsa ka ndryshuar masa e siguris\u00eb vet\u00ebm p\u00ebr ish-kreun e AKEP, Pirro Xhixhon nga \u201carrest n\u00eb sht\u00ebpi\u201d n\u00eb mas\u00ebn \u201cdetyrim paraqitje\u201d p\u00ebr shkak se \u00ebsht\u00eb i s\u00ebmur\u00eb<\/p>\n<p>Vendimi \u00ebsht\u00eb marr\u00eb nga gjyqtari Erjon \u00c7ela, teksa prokuror\u00eb t\u00eb \u00e7\u00ebshtjes jan\u00eb Sotir Kllapi, Arben Kraja dhe Altin Dumani.<\/p>\n","protected":false},"excerpt":{"rendered":"<p>Gjykata e Posa\u00e7me ka l\u00ebn\u00eb n\u00eb fuqi mas\u00ebn e siguris\u00eb \u201cArrest me Burg\u201d p\u00ebr Ilir Met\u00ebn, i cili u arrestua dy dit\u00eb m\u00eb par\u00eb me urdh\u00ebr t\u00eb SPAK p\u00ebr korrupsion dhe fshehje pasurie n\u00eb lidhje me \u00e7\u00ebshtjen e CEZ-DIA dhe lobimin n\u00eb SHBA. Gjithashtu, jan\u00eb l\u00ebn\u00eb n\u00eb fuqi dhe masat e siguris\u00eb \u201cdetyrim paraqitje\u201d p\u00ebr [&hellip;]<\/p>\n","protected":false},"author":5,"featured_media":80032,"comment_status":"closed","ping_status":"closed","sticky":false,"template":"","format":"standard","meta":{"footnotes":""},"categories":[1,6326,6332,29228],"tags":[33692,33691],"class_list":{"0":"post-80030","1":"post","2":"type-post","3":"status-publish","4":"format-standard","5":"has-post-thumbnail","7":"category-aktualitet","8":"category-politike","9":"category-te-fundit","10":"category-vendi","11":"tag-gjkko-merr-vendim-per-meten-dhe-kryemadhin","12":"tag-perfundon-seanca"},"_links":{"self":[{"href":"https:\/\/jugulajm.net\/index.php?rest_route=\/wp\/v2\/posts\/80030","targetHints":{"allow":["GET"]}}],"collection":[{"href":"https:\/\/jugulajm.net\/index.php?rest_route=\/wp\/v2\/posts"}],"about":[{"href":"https:\/\/jugulajm.net\/index.php?rest_route=\/wp\/v2\/types\/post"}],"author":[{"embeddable":true,"href":"https:\/\/jugulajm.net\/index.php?rest_route=\/wp\/v2\/users\/5"}],"replies":[{"embeddable":true,"href":"https:\/\/jugulajm.net\/index.php?rest_route=%2Fwp%2Fv2%2Fcomments&post=80030"}],"version-history":[{"count":0,"href":"https:\/\/jugulajm.net\/index.php?rest_route=\/wp\/v2\/posts\/80030\/revisions"}],"wp:featuredmedia":[{"embeddable":true,"href":"https:\/\/jugulajm.net\/index.php?rest_route=\/wp\/v2\/media\/80032"}],"wp:attachment":[{"href":"https:\/\/jugulajm.net\/index.php?rest_route=%2Fwp%2Fv2%2Fmedia&parent=80030"}],"wp:term":[{"taxonomy":"category","embeddable":true,"href":"https:\/\/jugulajm.net\/index.php?rest_route=%2Fwp%2Fv2%2Fcategories&post=80030"},{"taxonomy":"post_tag","embeddable":true,"href":"https:\/\/jugulajm.net\/index.php?rest_route=%2Fwp%2Fv2%2Ftags&post=80030"}],"curies":[{"name":"wp","href":"https:\/\/api.w.org\/{rel}","templated":true}]}}