{"id":80022,"date":"2024-10-23T13:16:09","date_gmt":"2024-10-23T11:16:09","guid":{"rendered":"https:\/\/jugulajm.net\/?p=80022"},"modified":"2024-10-23T13:16:09","modified_gmt":"2024-10-23T11:16:09","slug":"43-vjecari-gjendet-i-pajete-ja-dyshimet-e-para","status":"publish","type":"post","link":"https:\/\/jugulajm.net\/?p=80022","title":{"rendered":"43-vje\u00e7ari gjendet i pajet\u00eb, ja dyshimet e para&#8230;"},"content":{"rendered":"<p>Nj\u00eb 43-vje\u00e7ar \u00ebsht\u00eb gjetur i pajet\u00eb k\u00ebt\u00eb t\u00eb m\u00ebrkur\u00eb n\u00eb lagjen \u2018\u2019Sheq i Vog\u00ebl\u2019\u2019 n\u00eb Fier.<\/p>\n<p>Sipas informacioneve nga policia, trupi i pajet\u00eb i 43-vje\u00e7arit \u00ebsht\u00eb gjetur nga familjar\u00ebrt.<\/p>\n<p><strong>Njoftimi i policis\u00eb:<\/strong><\/p>\n<p><em>Fier\/Informacion paraprak<\/em><\/p>\n<p><em>Rreth or\u00ebs 08:45, n\u00eb lagjen \u201cSheq i Vog\u00ebl\u201d, \u00ebsht\u00eb gjetur i pajet\u00eb nga familjar\u00ebt, n\u00eb banes\u00eb, shtetasi G. P.,\u00a0 43 vje\u00e7, i cili dyshohet se \u00ebsht\u00eb vet\u00ebvarur.<\/em><\/p>\n<p><em>Grupi hetimor po punon p\u00ebr dokumentimin e rrethanave t\u00eb rastit.<\/em><\/p>\n","protected":false},"excerpt":{"rendered":"<p>Nj\u00eb 43-vje\u00e7ar \u00ebsht\u00eb gjetur i pajet\u00eb k\u00ebt\u00eb t\u00eb m\u00ebrkur\u00eb n\u00eb lagjen \u2018\u2019Sheq i Vog\u00ebl\u2019\u2019 n\u00eb Fier. Sipas informacioneve nga policia, trupi i pajet\u00eb i 43-vje\u00e7arit \u00ebsht\u00eb gjetur nga familjar\u00ebrt. Njoftimi i policis\u00eb: Fier\/Informacion paraprak Rreth or\u00ebs 08:45, n\u00eb lagjen \u201cSheq i Vog\u00ebl\u201d, \u00ebsht\u00eb gjetur i pajet\u00eb nga familjar\u00ebt, n\u00eb banes\u00eb, shtetasi G. P.,\u00a0 43 vje\u00e7, [&hellip;]<\/p>\n","protected":false},"author":5,"featured_media":54477,"comment_status":"closed","ping_status":"closed","sticky":false,"template":"","format":"standard","meta":{"footnotes":""},"categories":[1,6332,29228],"tags":[33687,22979],"class_list":{"0":"post-80022","1":"post","2":"type-post","3":"status-publish","4":"format-standard","5":"has-post-thumbnail","7":"category-aktualitet","8":"category-te-fundit","9":"category-vendi","10":"tag-43-vjecari-gjendet-i-pajete","11":"tag-ja-dyshimet-e-para"},"_links":{"self":[{"href":"https:\/\/jugulajm.net\/index.php?rest_route=\/wp\/v2\/posts\/80022","targetHints":{"allow":["GET"]}}],"collection":[{"href":"https:\/\/jugulajm.net\/index.php?rest_route=\/wp\/v2\/posts"}],"about":[{"href":"https:\/\/jugulajm.net\/index.php?rest_route=\/wp\/v2\/types\/post"}],"author":[{"embeddable":true,"href":"https:\/\/jugulajm.net\/index.php?rest_route=\/wp\/v2\/users\/5"}],"replies":[{"embeddable":true,"href":"https:\/\/jugulajm.net\/index.php?rest_route=%2Fwp%2Fv2%2Fcomments&post=80022"}],"version-history":[{"count":0,"href":"https:\/\/jugulajm.net\/index.php?rest_route=\/wp\/v2\/posts\/80022\/revisions"}],"wp:featuredmedia":[{"embeddable":true,"href":"https:\/\/jugulajm.net\/index.php?rest_route=\/wp\/v2\/media\/54477"}],"wp:attachment":[{"href":"https:\/\/jugulajm.net\/index.php?rest_route=%2Fwp%2Fv2%2Fmedia&parent=80022"}],"wp:term":[{"taxonomy":"category","embeddable":true,"href":"https:\/\/jugulajm.net\/index.php?rest_route=%2Fwp%2Fv2%2Fcategories&post=80022"},{"taxonomy":"post_tag","embeddable":true,"href":"https:\/\/jugulajm.net\/index.php?rest_route=%2Fwp%2Fv2%2Ftags&post=80022"}],"curies":[{"name":"wp","href":"https:\/\/api.w.org\/{rel}","templated":true}]}}