{"id":79994,"date":"2024-10-22T15:15:17","date_gmt":"2024-10-22T13:15:17","guid":{"rendered":"https:\/\/jugulajm.net\/?p=79994"},"modified":"2024-10-22T15:16:21","modified_gmt":"2024-10-22T13:16:21","slug":"arrestimi-i-metes-blushi-ishte-rrembim-terrorist-2-efektivet-pjese-e-bandave-te-durresit","status":"publish","type":"post","link":"https:\/\/jugulajm.net\/?p=79994","title":{"rendered":"Arrestimi i Met\u00ebs\/ Blushi: Ishte rr\u00ebmbim terrorist, 2 efektiv\u00ebt pjes\u00eb e bandave t\u00eb Durr\u00ebsit"},"content":{"rendered":"<p>Sekretari i P\u00ebrgjithsh\u00ebm i Partis\u00eb S\u00eb Liris\u00eb, Tedi Blushi, tha n\u00eb nj\u00eb konferenc\u00eb p\u00ebr mediat se kan\u00eb arritur t\u00eb identifikojn\u00eb dy nga efektiv\u00ebt e Policis\u00eb s\u00eb Shtetit, t\u00eb cil\u00ebt dit\u00ebn e djeshme t\u00ebrhoq\u00ebn me forc\u00eb nga makina ish-presidentin, Ilir Meta dhe ekzekutuan vendimin p\u00ebr arrestimin e tij.<\/p>\n<p>Sipas tij k\u00ebta persona kan\u00eb lidhje me bandat e Durr\u00ebsit.<\/p>\n<p>\u201cJemi ende duke b\u00ebr\u00eb verifikime. Ishte nj\u00eb efektiv i mosh\u00ebs 27 vje\u00e7, pa eksperienc\u00eb n\u00eb strukturat e policis\u00eb i cili jo vet\u00ebm ka guxuar ti afrohet makin\u00ebs, por edhe ka sh\u00ebrbyer aty si roje trafiku.<\/p>\n<p>Sa i takon horrave q\u00eb nxor\u00ebn forc\u00ebrisht presidentin e Partis\u00eb s\u00eb Liris\u00eb nga automjeti pa u identifikuar se t\u00eb cil\u00ebs struktur\u00eb ishin, ata ishin terrorist\u00eb dhe asgj\u00eb m\u00eb shum\u00eb.<\/p>\n<p>Ne kemi evidentuar nga ata dy persona me precedent\u00eb penal\u00eb, t\u00eb cil\u00ebt \u00ebsht\u00eb e paqart\u00eb se si jan\u00eb b\u00ebr\u00eb pjes\u00eb e policis\u00eb s\u00eb shtetit, por kan\u00eb t\u00eb shkuar t\u00eb err\u00ebt dhe lidhje me bandat e Durr\u00ebsit.&#8221;- \u00ebsht\u00eb shprehur Blushi.<\/p>\n","protected":false},"excerpt":{"rendered":"<p>Sekretari i P\u00ebrgjithsh\u00ebm i Partis\u00eb S\u00eb Liris\u00eb, Tedi Blushi, tha n\u00eb nj\u00eb konferenc\u00eb p\u00ebr mediat se kan\u00eb arritur t\u00eb identifikojn\u00eb dy nga efektiv\u00ebt e Policis\u00eb s\u00eb Shtetit, t\u00eb cil\u00ebt dit\u00ebn e djeshme t\u00ebrhoq\u00ebn me forc\u00eb nga makina ish-presidentin, Ilir Meta dhe ekzekutuan vendimin p\u00ebr arrestimin e tij. Sipas tij k\u00ebta persona kan\u00eb lidhje me bandat [&hellip;]<\/p>\n","protected":false},"author":5,"featured_media":79995,"comment_status":"closed","ping_status":"closed","sticky":false,"template":"","format":"standard","meta":{"footnotes":""},"categories":[1,6326,6332,29228],"tags":[33674,33673],"class_list":{"0":"post-79994","1":"post","2":"type-post","3":"status-publish","4":"format-standard","5":"has-post-thumbnail","7":"category-aktualitet","8":"category-politike","9":"category-te-fundit","10":"category-vendi","11":"tag-2-efektivet-pjese-e-bandave-te-durresit","12":"tag-arrestimi-i-metes-blushi-ishte-rrembim-terrorist"},"_links":{"self":[{"href":"https:\/\/jugulajm.net\/index.php?rest_route=\/wp\/v2\/posts\/79994","targetHints":{"allow":["GET"]}}],"collection":[{"href":"https:\/\/jugulajm.net\/index.php?rest_route=\/wp\/v2\/posts"}],"about":[{"href":"https:\/\/jugulajm.net\/index.php?rest_route=\/wp\/v2\/types\/post"}],"author":[{"embeddable":true,"href":"https:\/\/jugulajm.net\/index.php?rest_route=\/wp\/v2\/users\/5"}],"replies":[{"embeddable":true,"href":"https:\/\/jugulajm.net\/index.php?rest_route=%2Fwp%2Fv2%2Fcomments&post=79994"}],"version-history":[{"count":0,"href":"https:\/\/jugulajm.net\/index.php?rest_route=\/wp\/v2\/posts\/79994\/revisions"}],"wp:featuredmedia":[{"embeddable":true,"href":"https:\/\/jugulajm.net\/index.php?rest_route=\/wp\/v2\/media\/79995"}],"wp:attachment":[{"href":"https:\/\/jugulajm.net\/index.php?rest_route=%2Fwp%2Fv2%2Fmedia&parent=79994"}],"wp:term":[{"taxonomy":"category","embeddable":true,"href":"https:\/\/jugulajm.net\/index.php?rest_route=%2Fwp%2Fv2%2Fcategories&post=79994"},{"taxonomy":"post_tag","embeddable":true,"href":"https:\/\/jugulajm.net\/index.php?rest_route=%2Fwp%2Fv2%2Ftags&post=79994"}],"curies":[{"name":"wp","href":"https:\/\/api.w.org\/{rel}","templated":true}]}}