{"id":79966,"date":"2024-10-21T20:22:15","date_gmt":"2024-10-21T18:22:15","guid":{"rendered":"https:\/\/jugulajm.net\/?p=79966"},"modified":"2024-10-21T20:22:15","modified_gmt":"2024-10-21T18:22:15","slug":"foto-meta-vizitohet-ne-paraburgim-nga-djali-dhe-avokati","status":"publish","type":"post","link":"https:\/\/jugulajm.net\/?p=79966","title":{"rendered":"FOTO\/ Meta vizitohet n\u00eb paraburgim nga djali dhe avokati"},"content":{"rendered":"<p>Djali i Ilir Met\u00ebs, Besi, i shoq\u00ebruar nga avokati Genc Gjokutaj, ka vizituar sot babain e tij n\u00eb qelin\u00eb e IEVP-s\u00eb \u201cMine Peza\u201d.<\/p>\n<p>Pak \u00e7aste m\u00eb par\u00eb, djali i Met\u00ebs dhe Gjokutaj, jan\u00eb par\u00eb n\u00eb ambientet e burgut \u201c302\u201d n\u00eb Tiran\u00eb, ku pasi kan\u00eb ndjekur procedurat jan\u00eb lejuar t\u00eb hyjn\u00eb brenda.<\/p>\n<p>Djali i Met\u00ebs mbante n\u00eb duar edhe nj\u00eb \u00e7ant\u00eb, mesa duket me sende p\u00ebr babain e tij.<\/p>\n<p>Meta u arrestua dit\u00ebn e sotme te kthesa e Kamz\u00ebs, pas urdh\u00ebrarresteve t\u00eb firmosura nga GJKKO me k\u00ebrkes\u00eb t\u00eb SPAK.<\/p>\n<p>Ndaj tij dhe ish-bashk\u00ebshortes s\u00eb tij, Monika Kryemadhi r\u00ebndojn\u00eb tre akuza, konkretisht p\u00ebr korrupsion, fshehje t\u00eb pasuris\u00eb dhe pastrim parash t\u00eb kryera n\u00eb bashk\u00ebpunim.<\/p>\n<p><img loading=\"lazy\" loading=\"lazy\" decoding=\"async\" src=\"https:\/\/noa.al\/newsImages\/2024\/10\/640-0-f3-1729531909.png\" alt=\"\" width=\"1407\" height=\"945\" \/><\/p>\n<p><img loading=\"lazy\" loading=\"lazy\" decoding=\"async\" src=\"https:\/\/noa.al\/newsImages\/2024\/10\/640-0-f4-1729531910.png\" alt=\"\" width=\"1232\" height=\"874\" \/><\/p>\n<p><img loading=\"lazy\" loading=\"lazy\" decoding=\"async\" src=\"https:\/\/noa.al\/newsImages\/2024\/10\/ilir.jpg\" alt=\"\" width=\"1337\" height=\"942\" \/><\/p>\n","protected":false},"excerpt":{"rendered":"<p>Djali i Ilir Met\u00ebs, Besi, i shoq\u00ebruar nga avokati Genc Gjokutaj, ka vizituar sot babain e tij n\u00eb qelin\u00eb e IEVP-s\u00eb \u201cMine Peza\u201d. Pak \u00e7aste m\u00eb par\u00eb, djali i Met\u00ebs dhe Gjokutaj, jan\u00eb par\u00eb n\u00eb ambientet e burgut \u201c302\u201d n\u00eb Tiran\u00eb, ku pasi kan\u00eb ndjekur procedurat jan\u00eb lejuar t\u00eb hyjn\u00eb brenda. Djali i Met\u00ebs mbante [&hellip;]<\/p>\n","protected":false},"author":5,"featured_media":79967,"comment_status":"closed","ping_status":"closed","sticky":false,"template":"","format":"standard","meta":{"footnotes":""},"categories":[1,6332,29228],"tags":[33664],"class_list":{"0":"post-79966","1":"post","2":"type-post","3":"status-publish","4":"format-standard","5":"has-post-thumbnail","7":"category-aktualitet","8":"category-te-fundit","9":"category-vendi","10":"tag-foto-meta-vizitohet-ne-paraburgim-nga-djali-dhe-avokati"},"_links":{"self":[{"href":"https:\/\/jugulajm.net\/index.php?rest_route=\/wp\/v2\/posts\/79966","targetHints":{"allow":["GET"]}}],"collection":[{"href":"https:\/\/jugulajm.net\/index.php?rest_route=\/wp\/v2\/posts"}],"about":[{"href":"https:\/\/jugulajm.net\/index.php?rest_route=\/wp\/v2\/types\/post"}],"author":[{"embeddable":true,"href":"https:\/\/jugulajm.net\/index.php?rest_route=\/wp\/v2\/users\/5"}],"replies":[{"embeddable":true,"href":"https:\/\/jugulajm.net\/index.php?rest_route=%2Fwp%2Fv2%2Fcomments&post=79966"}],"version-history":[{"count":0,"href":"https:\/\/jugulajm.net\/index.php?rest_route=\/wp\/v2\/posts\/79966\/revisions"}],"wp:featuredmedia":[{"embeddable":true,"href":"https:\/\/jugulajm.net\/index.php?rest_route=\/wp\/v2\/media\/79967"}],"wp:attachment":[{"href":"https:\/\/jugulajm.net\/index.php?rest_route=%2Fwp%2Fv2%2Fmedia&parent=79966"}],"wp:term":[{"taxonomy":"category","embeddable":true,"href":"https:\/\/jugulajm.net\/index.php?rest_route=%2Fwp%2Fv2%2Fcategories&post=79966"},{"taxonomy":"post_tag","embeddable":true,"href":"https:\/\/jugulajm.net\/index.php?rest_route=%2Fwp%2Fv2%2Ftags&post=79966"}],"curies":[{"name":"wp","href":"https:\/\/api.w.org\/{rel}","templated":true}]}}