{"id":79937,"date":"2024-10-20T19:06:03","date_gmt":"2024-10-20T17:06:03","guid":{"rendered":"https:\/\/jugulajm.net\/?p=79937"},"modified":"2024-10-20T19:08:03","modified_gmt":"2024-10-20T17:08:03","slug":"lajm-i-fundit-arrestohet-ish-deputeti-socialist-jurgis-cyrbja-bashke-me-te-arrestohet-edhe-1-person-tjeter","status":"publish","type":"post","link":"https:\/\/jugulajm.net\/?p=79937","title":{"rendered":"LAJM I FUNDIT\/ Arrestohet ish-deputeti socialist, Jurgis \u00c7yrbja, bashk\u00eb me t\u00eb arrestohet edhe 1 person tjet\u00ebr"},"content":{"rendered":"<p>Ish-deputeti i Partris\u00eb Socialiste, Jurgis \u00c7yrbja, \u00ebsht\u00eb arrestuar me urdh\u00ebr t\u00eb SPAK.<\/p>\n<p>Burmi konfirmojn\u00eb se bashk\u00eb me t\u00eb \u00ebsht\u00eb arrestuar edhe nj\u00eb person tjet\u00ebr.<\/p>\n<p>Kujtojm\u00eb se Jurgis \u00c7yrbja u dor\u00ebhoq nga mandati, vet\u00ebm pak disa pasi u paraqit n\u00eb Prokurorin\u00eb e Posa\u00e7me, por sipas ish-deputetit, kjo nuk kishte lidhje me vendimin e tij.<\/p>\n<p>Jurgis \u00c7yrbja u paraqit s\u00ebrish n\u00eb SPAK nj\u00eb dit\u00eb pasi dor\u00ebzoi mandatin dhe u mor i pandehur p\u00ebr \u201cshp\u00ebrdorim detyre\u201d.<\/p>\n","protected":false},"excerpt":{"rendered":"<p>Ish-deputeti i Partris\u00eb Socialiste, Jurgis \u00c7yrbja, \u00ebsht\u00eb arrestuar me urdh\u00ebr t\u00eb SPAK. Burmi konfirmojn\u00eb se bashk\u00eb me t\u00eb \u00ebsht\u00eb arrestuar edhe nj\u00eb person tjet\u00ebr. Kujtojm\u00eb se Jurgis \u00c7yrbja u dor\u00ebhoq nga mandati, vet\u00ebm pak disa pasi u paraqit n\u00eb Prokurorin\u00eb e Posa\u00e7me, por sipas ish-deputetit, kjo nuk kishte lidhje me vendimin e tij. Jurgis \u00c7yrbja [&hellip;]<\/p>\n","protected":false},"author":5,"featured_media":79562,"comment_status":"closed","ping_status":"closed","sticky":false,"template":"","format":"standard","meta":{"footnotes":""},"categories":[1,6332,29228],"tags":[33648,33647,33646],"class_list":{"0":"post-79937","1":"post","2":"type-post","3":"status-publish","4":"format-standard","5":"has-post-thumbnail","7":"category-aktualitet","8":"category-te-fundit","9":"category-vendi","10":"tag-bashke-me-te-arrestohet-edhe-1-person-tjeter","11":"tag-jurgis-cyrbja","12":"tag-lajm-i-fundit-arrestohet-ish-deputeti-socialist"},"_links":{"self":[{"href":"https:\/\/jugulajm.net\/index.php?rest_route=\/wp\/v2\/posts\/79937","targetHints":{"allow":["GET"]}}],"collection":[{"href":"https:\/\/jugulajm.net\/index.php?rest_route=\/wp\/v2\/posts"}],"about":[{"href":"https:\/\/jugulajm.net\/index.php?rest_route=\/wp\/v2\/types\/post"}],"author":[{"embeddable":true,"href":"https:\/\/jugulajm.net\/index.php?rest_route=\/wp\/v2\/users\/5"}],"replies":[{"embeddable":true,"href":"https:\/\/jugulajm.net\/index.php?rest_route=%2Fwp%2Fv2%2Fcomments&post=79937"}],"version-history":[{"count":0,"href":"https:\/\/jugulajm.net\/index.php?rest_route=\/wp\/v2\/posts\/79937\/revisions"}],"wp:featuredmedia":[{"embeddable":true,"href":"https:\/\/jugulajm.net\/index.php?rest_route=\/wp\/v2\/media\/79562"}],"wp:attachment":[{"href":"https:\/\/jugulajm.net\/index.php?rest_route=%2Fwp%2Fv2%2Fmedia&parent=79937"}],"wp:term":[{"taxonomy":"category","embeddable":true,"href":"https:\/\/jugulajm.net\/index.php?rest_route=%2Fwp%2Fv2%2Fcategories&post=79937"},{"taxonomy":"post_tag","embeddable":true,"href":"https:\/\/jugulajm.net\/index.php?rest_route=%2Fwp%2Fv2%2Ftags&post=79937"}],"curies":[{"name":"wp","href":"https:\/\/api.w.org\/{rel}","templated":true}]}}