{"id":79866,"date":"2024-10-18T14:34:03","date_gmt":"2024-10-18T12:34:03","guid":{"rendered":"https:\/\/jugulajm.net\/?p=79866"},"modified":"2024-10-18T14:34:03","modified_gmt":"2024-10-18T12:34:03","slug":"beleri-vjen-ne-tirane-si-eurodeputet-do-takohet-me-ramen-dhe","status":"publish","type":"post","link":"https:\/\/jugulajm.net\/?p=79866","title":{"rendered":"Beleri vjen n\u00eb Tiran\u00eb si eurodeputet, do takohet me Ram\u00ebn dhe&#8230;"},"content":{"rendered":"<p>Ish-kryetari i bashkis\u00eb s\u00eb Himar\u00ebs, Fredi Beleri, i cili u lirua nga qelia n\u00eb fillim t\u00eb muajit shtator do t\u00eb takohet n\u00eb Tiran\u00eb me kryeministrin Edi Rama m\u00eb dat\u00eb 29 tetor, k\u00ebshtu raportojn\u00eb mediat greke.<\/p>\n<p>N\u00eb artikullin e gazet\u00ebs\u00a0<a href=\"https:\/\/www.tovima.gr\/2024\/10\/18\/stiles\/vimatodotis\/i-synantisi-mpeleri-rama-sta-tirana-i-skiodis-kyvernisi-tou-pasok-kai-ena-kras-test-gia-tin-amyna\/\">\u201cTo Vima\u201d<\/a> takimi Rama-Beleri cil\u00ebsohet si \u201ctakimi i vitit\u201d. \u201cBeleri do t\u00eb takohet me njeriun q\u00eb e mbajti n\u00eb burg p\u00ebr 481 dit\u00eb\u201d, shkruan nd\u00ebr t\u00eb tjera media greke.<\/p>\n<p>\u201cKryeministri Edi Rama do t\u00eb pres\u00eb n\u00eb Tiran\u00eb Fredi Belerin, i cili \u00ebsht\u00eb p\u00ebrfshir\u00eb n\u00eb delegacionin e Parlamentit Europian p\u00ebr Komisionin Parlamentar t\u00eb BE-s\u00eb p\u00ebr Stabilizim-Asociiimin me Shqip\u00ebrin\u00eb\u201d, citohet n\u00eb median greke.<\/p>\n<p>Delegacioni i BE, pjes\u00eb e t\u00eb cilit do t\u00eb jet\u00eb edhe Beleri, do t\u00eb zhvilloj\u00eb n\u00eb Shqip\u00ebri nj\u00eb vizit\u00eb 3-ditore.<\/p>\n<p>Ky komision do t\u00eb informohet gjithashtu nga ambasadori i BE n\u00eb Tiran\u00eb, Silvio Gonzato, n\u00eb lidhje me zhvillimet p\u00ebr negociatat e Shqip\u00ebris\u00eb me Bashkimin Europian.<\/p>\n<p>Takimi me Kryeministrin Edi Rama i komisionit, ku do t\u00eb jet\u00eb dhe Beleri parashikohet q\u00eb t\u00eb zgjas\u00eb rreth 45 minuta.<\/p>\n<p>Pjesa e axhend\u00ebs s\u00eb takimeve jan\u00eb edhe p\u00ebrfaq\u00ebsues t\u00eb partive t\u00eb tjera si dhe nje takim me kryeparlamentaren Elisa Spiropali.<\/p>\n<p>Beleri n\u00eb nj\u00eb intervist\u00eb p\u00ebr televizionin grek SKAI dit\u00ebn e sotme, komentoi hapjen e kapitujve t\u00eb par\u00eb t\u00eb Shqip\u00ebris\u00eb p\u00ebr negociatat me BE-n\u00eb duke th\u00ebn\u00eb se \u201cvendi i Shqip\u00ebris\u00eb \u00ebsht\u00eb n\u00eb BE\u201d<\/p>\n<p>Fredi Beleri u shpreh gjithashtu se n\u00eb Konferenc\u00ebn e Dyt\u00eb Nd\u00ebrqeveritare Shqip\u00ebri-BE u fol me terma t\u00eb qarta edhe sa i takon mbrojtjes s\u00eb minoritetit grek q\u00eb \u00ebsht\u00eb politik\u00eb e BE-s\u00eb\u201d.<\/p>\n<p>Kujtojm\u00eb se Beleri u lirua pasi gjykata n\u00eb Fier, ku ai po vuante d\u00ebnimin me dy vjet burgim p\u00ebr blerje votash, pranoi k\u00ebrkes\u00ebn e tij p\u00ebr lirim t\u00eb parakohsh\u00ebm. Beleri, 51 vje\u00e7, u arrestua dy dit\u00eb para zgjedhjeve lokale t\u00eb 14 majit 2023 n\u00eb Himar\u00eb.<\/p>\n","protected":false},"excerpt":{"rendered":"<p>Ish-kryetari i bashkis\u00eb s\u00eb Himar\u00ebs, Fredi Beleri, i cili u lirua nga qelia n\u00eb fillim t\u00eb muajit shtator do t\u00eb takohet n\u00eb Tiran\u00eb me kryeministrin Edi Rama m\u00eb dat\u00eb 29 tetor, k\u00ebshtu raportojn\u00eb mediat greke. N\u00eb artikullin e gazet\u00ebs\u00a0\u201cTo Vima\u201d takimi Rama-Beleri cil\u00ebsohet si \u201ctakimi i vitit\u201d. \u201cBeleri do t\u00eb takohet me njeriun q\u00eb e [&hellip;]<\/p>\n","protected":false},"author":5,"featured_media":79867,"comment_status":"closed","ping_status":"closed","sticky":false,"template":"","format":"standard","meta":{"footnotes":""},"categories":[1,6326,6332],"tags":[33607,33608],"class_list":{"0":"post-79866","1":"post","2":"type-post","3":"status-publish","4":"format-standard","5":"has-post-thumbnail","7":"category-aktualitet","8":"category-politike","9":"category-te-fundit","10":"tag-beleri-vjen-ne-tirane-si-eurodeputet","11":"tag-do-takohet-me-ramen-dhe"},"_links":{"self":[{"href":"https:\/\/jugulajm.net\/index.php?rest_route=\/wp\/v2\/posts\/79866","targetHints":{"allow":["GET"]}}],"collection":[{"href":"https:\/\/jugulajm.net\/index.php?rest_route=\/wp\/v2\/posts"}],"about":[{"href":"https:\/\/jugulajm.net\/index.php?rest_route=\/wp\/v2\/types\/post"}],"author":[{"embeddable":true,"href":"https:\/\/jugulajm.net\/index.php?rest_route=\/wp\/v2\/users\/5"}],"replies":[{"embeddable":true,"href":"https:\/\/jugulajm.net\/index.php?rest_route=%2Fwp%2Fv2%2Fcomments&post=79866"}],"version-history":[{"count":0,"href":"https:\/\/jugulajm.net\/index.php?rest_route=\/wp\/v2\/posts\/79866\/revisions"}],"wp:featuredmedia":[{"embeddable":true,"href":"https:\/\/jugulajm.net\/index.php?rest_route=\/wp\/v2\/media\/79867"}],"wp:attachment":[{"href":"https:\/\/jugulajm.net\/index.php?rest_route=%2Fwp%2Fv2%2Fmedia&parent=79866"}],"wp:term":[{"taxonomy":"category","embeddable":true,"href":"https:\/\/jugulajm.net\/index.php?rest_route=%2Fwp%2Fv2%2Fcategories&post=79866"},{"taxonomy":"post_tag","embeddable":true,"href":"https:\/\/jugulajm.net\/index.php?rest_route=%2Fwp%2Fv2%2Ftags&post=79866"}],"curies":[{"name":"wp","href":"https:\/\/api.w.org\/{rel}","templated":true}]}}