{"id":79756,"date":"2024-10-15T15:04:01","date_gmt":"2024-10-15T13:04:01","guid":{"rendered":"https:\/\/jugulajm.net\/?p=79756"},"modified":"2024-10-15T15:04:28","modified_gmt":"2024-10-15T13:04:28","slug":"salianji-ngelet-ne-burg-gjykata-e-larte-i-rrezon-kerkesen-per","status":"publish","type":"post","link":"https:\/\/jugulajm.net\/?p=79756","title":{"rendered":"Salianji ngelet n\u00eb burg, Gjykata e Lart\u00eb i rr\u00ebzon k\u00ebrkes\u00ebn p\u00ebr&#8230;"},"content":{"rendered":"<p>Gjykata e Lart\u00eb ka vendosur mospranimin e k\u00ebrkes\u00ebs s\u00eb ish-deputetit demokrat, Ervin Salianji p\u00ebr pezullim t\u00eb ekzekutimit t\u00eb d\u00ebnimit t\u00eb tij me 1 vit burg.<\/p>\n<p>Raportohet se vendimi \u00ebsht\u00eb marr\u00eb nga trupa gjykuese q\u00eb kryesohet nga Sokol Binaj dhe antar\u00eb, Ilir Panda dhe Sand\u00ebr Simoni.<\/p>\n<p>Kujtojm\u00eb se Salianji ndodhet n\u00eb burgun e Fierit prej dat\u00ebs\u00a027 Shtator 2024. Ish-deputeti demokrat akuzohet p\u00ebr \u201ckall\u00ebzim t\u00eb rrem\u00eb publik\u201d n\u00eb lidhje me \u00e7\u00ebshtjen \u201cBabale\u201d pasi Gjykata e Apelit la n\u00eb fuqi vendimin e Shkall\u00ebs s\u00eb Par\u00eb p\u00ebr d\u00ebnimin e Salianjit me 1 vit burg.<\/p>\n<p>Arrestimi i tij u pasua me nj\u00eb s\u00ebr\u00eb reagimesh politike t\u00eb krahut t\u00eb djatht\u00eb, t\u00eb cil\u00ebt e cil\u00ebsuan vendimmarrje politike. Opozita nisi me mosbindjen civile q\u00eb n\u00eb seanc\u00ebn plenare e kulmoi me protest\u00ebn e 7 Tetorit.<\/p>\n","protected":false},"excerpt":{"rendered":"<p>Gjykata e Lart\u00eb ka vendosur mospranimin e k\u00ebrkes\u00ebs s\u00eb ish-deputetit demokrat, Ervin Salianji p\u00ebr pezullim t\u00eb ekzekutimit t\u00eb d\u00ebnimit t\u00eb tij me 1 vit burg. Raportohet se vendimi \u00ebsht\u00eb marr\u00eb nga trupa gjykuese q\u00eb kryesohet nga Sokol Binaj dhe antar\u00eb, Ilir Panda dhe Sand\u00ebr Simoni. Kujtojm\u00eb se Salianji ndodhet n\u00eb burgun e Fierit prej dat\u00ebs\u00a027 [&hellip;]<\/p>\n","protected":false},"author":5,"featured_media":79757,"comment_status":"closed","ping_status":"closed","sticky":false,"template":"","format":"standard","meta":{"footnotes":""},"categories":[1,6326,6332,29228],"tags":[33550,33549],"class_list":{"0":"post-79756","1":"post","2":"type-post","3":"status-publish","4":"format-standard","5":"has-post-thumbnail","7":"category-aktualitet","8":"category-politike","9":"category-te-fundit","10":"category-vendi","11":"tag-gjykata-e-larte-i-rrezon-kerkesen-per","12":"tag-salianji-ngelet-ne-burg"},"_links":{"self":[{"href":"https:\/\/jugulajm.net\/index.php?rest_route=\/wp\/v2\/posts\/79756","targetHints":{"allow":["GET"]}}],"collection":[{"href":"https:\/\/jugulajm.net\/index.php?rest_route=\/wp\/v2\/posts"}],"about":[{"href":"https:\/\/jugulajm.net\/index.php?rest_route=\/wp\/v2\/types\/post"}],"author":[{"embeddable":true,"href":"https:\/\/jugulajm.net\/index.php?rest_route=\/wp\/v2\/users\/5"}],"replies":[{"embeddable":true,"href":"https:\/\/jugulajm.net\/index.php?rest_route=%2Fwp%2Fv2%2Fcomments&post=79756"}],"version-history":[{"count":0,"href":"https:\/\/jugulajm.net\/index.php?rest_route=\/wp\/v2\/posts\/79756\/revisions"}],"wp:featuredmedia":[{"embeddable":true,"href":"https:\/\/jugulajm.net\/index.php?rest_route=\/wp\/v2\/media\/79757"}],"wp:attachment":[{"href":"https:\/\/jugulajm.net\/index.php?rest_route=%2Fwp%2Fv2%2Fmedia&parent=79756"}],"wp:term":[{"taxonomy":"category","embeddable":true,"href":"https:\/\/jugulajm.net\/index.php?rest_route=%2Fwp%2Fv2%2Fcategories&post=79756"},{"taxonomy":"post_tag","embeddable":true,"href":"https:\/\/jugulajm.net\/index.php?rest_route=%2Fwp%2Fv2%2Ftags&post=79756"}],"curies":[{"name":"wp","href":"https:\/\/api.w.org\/{rel}","templated":true}]}}