{"id":79713,"date":"2024-10-14T14:09:44","date_gmt":"2024-10-14T12:09:44","guid":{"rendered":"https:\/\/jugulajm.net\/?p=79713"},"modified":"2024-10-14T14:09:44","modified_gmt":"2024-10-14T12:09:44","slug":"itali-niset-anija-e-pare-me-emigrante-per-ne-shqiperi","status":"publish","type":"post","link":"https:\/\/jugulajm.net\/?p=79713","title":{"rendered":"Itali, niset anija e par\u00eb me emigrant\u00eb p\u00ebr n\u00eb Shqip\u00ebri"},"content":{"rendered":"<p>Nga Italia \u00ebsht\u00eb nisur anija e par\u00eb me emigrant\u00eb p\u00ebr t\u2019i sjell\u00eb n\u00eb Shqip\u00ebri ku do t\u00eb q\u00ebndrojn\u00eb\u00a0 n\u00eb kampin e Gjadrit, sipas marr\u00ebveshjes s\u00eb arritur mes Kryeministrave Rama-Meloni.<\/p>\n<p>Anija \u201cLibra\u201d e Marin\u00ebs Italiane u nis nga Lampedusa me destinacion final Shqip\u00ebrin\u00eb.<\/p>\n<p>Fillimisht ndaloi n\u00eb bregun si\u00e7ilian pasi shp\u00ebtoi nj\u00eb grup emigrant\u00ebsh q\u00eb ishin larguar nga bregu i Afrik\u00ebs s\u00eb Veriut.<\/p>\n<p>Emigrant\u00ebt e vendeve t\u00eb treta, iu n\u00ebnshtruan kontrolleve para se t\u00eb d\u00ebrgoheshin drejt vendit ton\u00eb.<\/p>\n<p>Mediat italiane raportojn\u00eb se azilk\u00ebrkuesit, kryesisht nga Afrika Veriore, do t\u00eb marrin nj\u00eb p\u00ebrgjigje brenda 4-jav\u00ebsh n\u00eb lidhje me k\u00ebrkes\u00ebn e tyre p\u00ebr azil.<\/p>\n<p>Gjat\u00eb pritjes s\u00eb p\u00ebrgjigjes, emigrant\u00ebt do t\u00eb q\u00ebndrojn\u00eb n\u00eb kampet e Gjadrit dhe Sh\u00ebngjinit.<\/p>\n<p>N\u00ebse p\u00ebrgjigjia \u00ebsht\u00eb pozitive, at\u00ebher\u00eb do t\u00eb transferohen n\u00eb qendrat e pritjes n\u00eb Itali.<\/p>\n<p>N\u00eb t\u00eb kund\u00ebrt, do t\u00eb kthehen pas n\u00eb vendet e tyre t\u00eb origjin\u00ebs.<\/p>\n","protected":false},"excerpt":{"rendered":"<p>Nga Italia \u00ebsht\u00eb nisur anija e par\u00eb me emigrant\u00eb p\u00ebr t\u2019i sjell\u00eb n\u00eb Shqip\u00ebri ku do t\u00eb q\u00ebndrojn\u00eb\u00a0 n\u00eb kampin e Gjadrit, sipas marr\u00ebveshjes s\u00eb arritur mes Kryeministrave Rama-Meloni. Anija \u201cLibra\u201d e Marin\u00ebs Italiane u nis nga Lampedusa me destinacion final Shqip\u00ebrin\u00eb. Fillimisht ndaloi n\u00eb bregun si\u00e7ilian pasi shp\u00ebtoi nj\u00eb grup emigrant\u00ebsh q\u00eb ishin larguar [&hellip;]<\/p>\n","protected":false},"author":5,"featured_media":67566,"comment_status":"closed","ping_status":"closed","sticky":false,"template":"","format":"standard","meta":{"footnotes":""},"categories":[1,7664,6332],"tags":[26133,33527],"class_list":{"0":"post-79713","1":"post","2":"type-post","3":"status-publish","4":"format-standard","5":"has-post-thumbnail","7":"category-aktualitet","8":"category-bota","9":"category-te-fundit","10":"tag-itali","11":"tag-niset-anija-e-pare-me-emigrante-per-ne-shqiperi"},"_links":{"self":[{"href":"https:\/\/jugulajm.net\/index.php?rest_route=\/wp\/v2\/posts\/79713","targetHints":{"allow":["GET"]}}],"collection":[{"href":"https:\/\/jugulajm.net\/index.php?rest_route=\/wp\/v2\/posts"}],"about":[{"href":"https:\/\/jugulajm.net\/index.php?rest_route=\/wp\/v2\/types\/post"}],"author":[{"embeddable":true,"href":"https:\/\/jugulajm.net\/index.php?rest_route=\/wp\/v2\/users\/5"}],"replies":[{"embeddable":true,"href":"https:\/\/jugulajm.net\/index.php?rest_route=%2Fwp%2Fv2%2Fcomments&post=79713"}],"version-history":[{"count":0,"href":"https:\/\/jugulajm.net\/index.php?rest_route=\/wp\/v2\/posts\/79713\/revisions"}],"wp:featuredmedia":[{"embeddable":true,"href":"https:\/\/jugulajm.net\/index.php?rest_route=\/wp\/v2\/media\/67566"}],"wp:attachment":[{"href":"https:\/\/jugulajm.net\/index.php?rest_route=%2Fwp%2Fv2%2Fmedia&parent=79713"}],"wp:term":[{"taxonomy":"category","embeddable":true,"href":"https:\/\/jugulajm.net\/index.php?rest_route=%2Fwp%2Fv2%2Fcategories&post=79713"},{"taxonomy":"post_tag","embeddable":true,"href":"https:\/\/jugulajm.net\/index.php?rest_route=%2Fwp%2Fv2%2Ftags&post=79713"}],"curies":[{"name":"wp","href":"https:\/\/api.w.org\/{rel}","templated":true}]}}