{"id":79536,"date":"2024-10-09T16:55:25","date_gmt":"2024-10-09T14:55:25","guid":{"rendered":"https:\/\/jugulajm.net\/?p=79536"},"modified":"2024-10-09T16:55:25","modified_gmt":"2024-10-09T14:55:25","slug":"28-vjecari-godet-me-thike-2-vellezerit-dhe-arratiset","status":"publish","type":"post","link":"https:\/\/jugulajm.net\/?p=79536","title":{"rendered":"28-vje\u00e7ari godet me thik\u00eb 2 v\u00ebllez\u00ebrit dhe arratiset&#8230;"},"content":{"rendered":"<p>Nj\u00eb\u00a0plagosje\u00a0e dyfisht\u00eb me thik\u00eb ka ndodhur nj\u00eb dit\u00eb m\u00eb par\u00eb n\u00eb qytetin bregdetar Sarand\u00ebs, nd\u00ebrsa policia vendore shpalli n\u00eb k\u00ebrkim autorin e dyshuar t\u00eb krimit.<\/p>\n<p>T\u00eb d\u00ebmtuarit m\u00ebsohet se jan\u00eb dy v\u00ebllez\u00ebr, 34 dhe 37 vje\u00e7.<\/p>\n<p>Komisariati i Policis\u00eb njoftoi se referoi materialet n\u00eb Prokurori dhe shpalli n\u00eb k\u00ebrkim t\u00eb dyshuarin M. B., 28 vje\u00e7, banues n\u00eb Sarand\u00eb.<\/p>\n<p>Ngjarja ka ndodhur m\u00eb 8 tetor, or\u00ebt e para t\u00eb m\u00ebngjesit, teksa pas nj\u00eb sherri p\u00ebr motive t\u00eb dob\u00ebta, i riu ka goditur me mjet prer\u00ebs thik\u00eb, shtetasit E. V., 37 vje\u00e7 dhe E. V., 34 vje\u00e7 (v\u00ebllez\u00ebr).<\/p>\n<p><em>\u201cDy t\u00eb d\u00ebmtuarit jan\u00eb n\u00eb spital, jan\u00eb jasht\u00eb rrezikut p\u00ebr jet\u00ebn. Po punohet p\u00ebr kapjen e 28-vje\u00e7arit\u201d,<\/em>\u00a0tha policia vendore.<\/p>\n<p>Materialet e dosjes i kaluan prokuroris\u00eb dhe po b\u00ebhen verifikime p\u00ebr dinamik\u00ebn dhe motivin e plagosjes s\u00eb dyfisht\u00eb.<\/p>\n","protected":false},"excerpt":{"rendered":"<p>Nj\u00eb\u00a0plagosje\u00a0e dyfisht\u00eb me thik\u00eb ka ndodhur nj\u00eb dit\u00eb m\u00eb par\u00eb n\u00eb qytetin bregdetar Sarand\u00ebs, nd\u00ebrsa policia vendore shpalli n\u00eb k\u00ebrkim autorin e dyshuar t\u00eb krimit. T\u00eb d\u00ebmtuarit m\u00ebsohet se jan\u00eb dy v\u00ebllez\u00ebr, 34 dhe 37 vje\u00e7. Komisariati i Policis\u00eb njoftoi se referoi materialet n\u00eb Prokurori dhe shpalli n\u00eb k\u00ebrkim t\u00eb dyshuarin M. B., 28 vje\u00e7, [&hellip;]<\/p>\n","protected":false},"author":5,"featured_media":51993,"comment_status":"closed","ping_status":"closed","sticky":false,"template":"","format":"standard","meta":{"footnotes":""},"categories":[1,6332,29228],"tags":[33438],"class_list":{"0":"post-79536","1":"post","2":"type-post","3":"status-publish","4":"format-standard","5":"has-post-thumbnail","7":"category-aktualitet","8":"category-te-fundit","9":"category-vendi","10":"tag-28-vjecari-godet-me-thike-2-vellezerit-dhe-arratiset"},"_links":{"self":[{"href":"https:\/\/jugulajm.net\/index.php?rest_route=\/wp\/v2\/posts\/79536","targetHints":{"allow":["GET"]}}],"collection":[{"href":"https:\/\/jugulajm.net\/index.php?rest_route=\/wp\/v2\/posts"}],"about":[{"href":"https:\/\/jugulajm.net\/index.php?rest_route=\/wp\/v2\/types\/post"}],"author":[{"embeddable":true,"href":"https:\/\/jugulajm.net\/index.php?rest_route=\/wp\/v2\/users\/5"}],"replies":[{"embeddable":true,"href":"https:\/\/jugulajm.net\/index.php?rest_route=%2Fwp%2Fv2%2Fcomments&post=79536"}],"version-history":[{"count":0,"href":"https:\/\/jugulajm.net\/index.php?rest_route=\/wp\/v2\/posts\/79536\/revisions"}],"wp:featuredmedia":[{"embeddable":true,"href":"https:\/\/jugulajm.net\/index.php?rest_route=\/wp\/v2\/media\/51993"}],"wp:attachment":[{"href":"https:\/\/jugulajm.net\/index.php?rest_route=%2Fwp%2Fv2%2Fmedia&parent=79536"}],"wp:term":[{"taxonomy":"category","embeddable":true,"href":"https:\/\/jugulajm.net\/index.php?rest_route=%2Fwp%2Fv2%2Fcategories&post=79536"},{"taxonomy":"post_tag","embeddable":true,"href":"https:\/\/jugulajm.net\/index.php?rest_route=%2Fwp%2Fv2%2Ftags&post=79536"}],"curies":[{"name":"wp","href":"https:\/\/api.w.org\/{rel}","templated":true}]}}