{"id":79525,"date":"2024-10-09T11:00:50","date_gmt":"2024-10-09T09:00:50","guid":{"rendered":"https:\/\/jugulajm.net\/?p=79525"},"modified":"2024-10-09T11:00:50","modified_gmt":"2024-10-09T09:00:50","slug":"emri-drejtori-i-pergjithshem-i-policise-firmos-levizjen-e-pare-ne-rang-drejtoresh-vendore","status":"publish","type":"post","link":"https:\/\/jugulajm.net\/?p=79525","title":{"rendered":"EMRI\/ Drejtori i P\u00ebrgjithsh\u00ebm i Policis\u00eb firmos l\u00ebvizjen e par\u00eb n\u00eb rang drejtor\u00ebsh vendor\u00eb&#8230;"},"content":{"rendered":"<p>Drejtori i P\u00ebrgjithsh\u00ebm i Policis\u00eb, Ilir Proda, ka firmosur levizjen e par\u00eb n\u00eb rang drejtor\u00ebsh vendor.<\/p>\n<p>Sipas burimeve b\u00ebhet fjal\u00eb p\u00ebr nj\u00eb drejtues karriere si Dhimitraq Ziu.<\/p>\n<p>Deri para pak dit\u00ebsh ai mbante detyr\u00ebn e drejtorit t\u00eb drejtorise vendore Dib\u00ebr, por tashm\u00eb ka marr\u00eb detyr\u00eb t\u00eb re.<\/p>\n<p>Ziu \u00ebsht\u00eb ngarkuar me pun\u00eb n\u00eb drejtorin\u00eb e standart\u00ebve profesionale.<\/p>\n<p>N\u00eb k\u00ebt\u00eb detyr\u00eb ai z\u00ebv\u00ebnd\u00ebson Bledar \u00c7elikun.<\/p>\n<p>Nd\u00ebrkoh\u00eb p\u00ebr pak jav\u00eb ministria e Brendshme do t\u00eb hap garen p\u00ebr p\u00ebrzgjedhjen e 12 drejtoreve vendore.<\/p>\n<p>Nga kjo gare q\u00eb do t\u00eb zhvillohet me konkurs prit\u00ebt t\u00eb emerohen drejtuesit e rinj.<\/p>\n<p>Edhe n\u00eb fjal\u00ebn e tij Drejtori i P\u00ebrgjithsh\u00ebm, Ilir Proda, shtoi se cdo drejtues policise do duhet ta meritoje vendin e tij t\u00eb pun\u00ebs fale rezultateve q\u00eb do t\u00eb k\u00ebt\u00eb.<\/p>\n","protected":false},"excerpt":{"rendered":"<p>Drejtori i P\u00ebrgjithsh\u00ebm i Policis\u00eb, Ilir Proda, ka firmosur levizjen e par\u00eb n\u00eb rang drejtor\u00ebsh vendor. Sipas burimeve b\u00ebhet fjal\u00eb p\u00ebr nj\u00eb drejtues karriere si Dhimitraq Ziu. Deri para pak dit\u00ebsh ai mbante detyr\u00ebn e drejtorit t\u00eb drejtorise vendore Dib\u00ebr, por tashm\u00eb ka marr\u00eb detyr\u00eb t\u00eb re. Ziu \u00ebsht\u00eb ngarkuar me pun\u00eb n\u00eb drejtorin\u00eb e [&hellip;]<\/p>\n","protected":false},"author":5,"featured_media":79330,"comment_status":"closed","ping_status":"closed","sticky":false,"template":"","format":"standard","meta":{"footnotes":""},"categories":[1,6332,29228],"tags":[33430],"class_list":{"0":"post-79525","1":"post","2":"type-post","3":"status-publish","4":"format-standard","5":"has-post-thumbnail","7":"category-aktualitet","8":"category-te-fundit","9":"category-vendi","10":"tag-emri-drejtori-i-pergjithshem-i-policise-firmos-levizjen-e-pare-ne-rang-drejtoresh-vendore"},"_links":{"self":[{"href":"https:\/\/jugulajm.net\/index.php?rest_route=\/wp\/v2\/posts\/79525","targetHints":{"allow":["GET"]}}],"collection":[{"href":"https:\/\/jugulajm.net\/index.php?rest_route=\/wp\/v2\/posts"}],"about":[{"href":"https:\/\/jugulajm.net\/index.php?rest_route=\/wp\/v2\/types\/post"}],"author":[{"embeddable":true,"href":"https:\/\/jugulajm.net\/index.php?rest_route=\/wp\/v2\/users\/5"}],"replies":[{"embeddable":true,"href":"https:\/\/jugulajm.net\/index.php?rest_route=%2Fwp%2Fv2%2Fcomments&post=79525"}],"version-history":[{"count":0,"href":"https:\/\/jugulajm.net\/index.php?rest_route=\/wp\/v2\/posts\/79525\/revisions"}],"wp:featuredmedia":[{"embeddable":true,"href":"https:\/\/jugulajm.net\/index.php?rest_route=\/wp\/v2\/media\/79330"}],"wp:attachment":[{"href":"https:\/\/jugulajm.net\/index.php?rest_route=%2Fwp%2Fv2%2Fmedia&parent=79525"}],"wp:term":[{"taxonomy":"category","embeddable":true,"href":"https:\/\/jugulajm.net\/index.php?rest_route=%2Fwp%2Fv2%2Fcategories&post=79525"},{"taxonomy":"post_tag","embeddable":true,"href":"https:\/\/jugulajm.net\/index.php?rest_route=%2Fwp%2Fv2%2Ftags&post=79525"}],"curies":[{"name":"wp","href":"https:\/\/api.w.org\/{rel}","templated":true}]}}