{"id":79418,"date":"2024-10-05T20:12:11","date_gmt":"2024-10-05T18:12:11","guid":{"rendered":"https:\/\/jugulajm.net\/?p=79418"},"modified":"2024-10-05T20:12:27","modified_gmt":"2024-10-05T18:12:27","slug":"emri-arrestohet-38-vjecari-shkaktoi-aksidentin-me-vdekje-dhe-u-largua-nga-vendngjarja","status":"publish","type":"post","link":"https:\/\/jugulajm.net\/?p=79418","title":{"rendered":"EMRI\/ Arrestohet 38-vje\u00e7ari, shkaktoi aksidentin me vdekje dhe u largua nga vendngjarja"},"content":{"rendered":"<p>Policia e Pogradecit ka arrestuar autorin q\u00eb p\u00ebrplasi p\u00ebr vdekje me makin\u00eb 40-vje\u00e7arin Florant Palla mbr\u00ebmjen e djeshme, n\u00eb aksin rrugor \u201cKor\u00e7\u00eb-Pogradec\u201d.<\/p>\n<p>P\u00ebrmes nj\u00eb njoftimi, blut\u00eb b\u00ebjn\u00eb me dije se n\u00eb pranga ka r\u00ebn\u00eb 38-vje\u00e7ari Gentian Capo, banues n\u00eb fshatin G\u00ebshtenjas, Pogradec.<\/p>\n<p>Policia ka arritur t\u00eb lokalizoj n\u00ebp\u00ebrmjet dronit automjeti tip \u201cVolksWagen\u201d i p\u00ebrfshir\u00eb n\u00eb k\u00ebt\u00eb ngjarje rrugore.<\/p>\n<p><strong>Njoftimi i policis\u00eb:<\/strong><\/p>\n<p>Policia Rrugore zbardh ngjarjen rrugore t\u00eb ndodhur dit\u00ebn e djeshme ku u gjet i pajet\u00eb n\u00eb aksin rrugor \u201cKor\u00e7\u00eb-Pogradec\u201d, nj\u00eb 40 vje\u00e7ar, i cili u aksidentua nga nj\u00eb automjet dhe drejtuesi u largua nga vendi i ngjarjes bashk\u00eb me automjetin e tij.<\/p>\n<p>Pas hetimeve dhe kontrolleve intensive duke p\u00ebrdorur dhe dron dhe dylbi u b\u00eb e mundur identifikimi i automjetit dhe drejtuesit t\u00eb tij.<\/p>\n<p>Vihet n\u00eb pranga 38 vje\u00e7ari dhe sekuestrohet n\u00eb cil\u00ebsin\u00eb e prov\u00ebs materiale automjeti me t\u00eb cilin aksidentoi me pasoj\u00eb vdekjen 40- vje\u00e7arin.<\/p>\n<p>N\u00eb vijim t\u00eb informacionin paraprak t\u00eb dh\u00ebn\u00eb dit\u00ebn e djeshme, ku n\u00eb aksin rrugor \u201cKor\u00e7\u00eb-Pogradec\u201d, tek vendi i quajtur \u201cUra e Leshnic\u00ebs\u201d, u gjet i pajet\u00eb shtetasi F. P. 40 vje\u00e7 dhe paraprakisht u dyshua p\u00ebr aksident rrugor, grupi hetimor n\u00ebn drejtimin Prokuroris\u00eb vijoi veprimet hetimore p\u00ebr identifikimin e drejtuesit t\u00eb mjetit, q\u00eb shkaktoi aksidentin.<\/p>\n<p>Pas nj\u00eb pune intensive t\u00eb b\u00ebr\u00eb nga Sektori i Policis\u00eb Rrugore, q\u00eb nga mbr\u00ebmja e djeshme me k\u00ebqyrje te kamerave qe ndodheshin ne aksin rrugor Kor\u00e7\u00eb-Pogradec, kontrolle me dron dhe dylbi t\u00eb territorit te fshatrave dhe zonave t\u00eb banuara p\u00ebrreth vendndodhjes se aksidentit dhe informacioneve t\u00eb marra ne rruge operative, u b\u00eb e mundur q\u00eb rreth rreth or\u00ebs 16:40, t\u00eb lokalizohej n\u00ebp\u00ebrmjet dronit automjeti tip \u201cVolks\u00ebagen\u201d i p\u00ebrfshir\u00eb n\u00eb k\u00ebt\u00eb ngjarje rrugore.<\/p>\n<p>Gjithashtu u identifikua dhe drejtuesi i automjetit shtetasit G. C., 38 vje\u00e7, banues n\u00eb fshatin G\u00ebshtenjas, Pogradec,<\/p>\n<p>Sh\u00ebrbimet e Policis\u00eb kap\u00ebn dhe shoq\u00ebruan n\u00eb Komisariat shtetasin G. C., i cili u arrestua p\u00ebr veprat penale \u201d Shkelja e rregullave t\u00eb qarkullimit rrugor\u201d dhe \u201cLargim nga vendi i aksidentit\u201d<\/p>\n<p>Nd\u00ebrsa automjeti u sekuestrua n\u00eb cil\u00ebsin\u00eb e prov\u00ebs materiale.<\/p>\n<p>Materialet procedurale i kaluan Prokuroris\u00eb p\u00ebr veprime t\u00eb m\u00ebtejshme.<\/p>\n","protected":false},"excerpt":{"rendered":"<p>Policia e Pogradecit ka arrestuar autorin q\u00eb p\u00ebrplasi p\u00ebr vdekje me makin\u00eb 40-vje\u00e7arin Florant Palla mbr\u00ebmjen e djeshme, n\u00eb aksin rrugor \u201cKor\u00e7\u00eb-Pogradec\u201d. P\u00ebrmes nj\u00eb njoftimi, blut\u00eb b\u00ebjn\u00eb me dije se n\u00eb pranga ka r\u00ebn\u00eb 38-vje\u00e7ari Gentian Capo, banues n\u00eb fshatin G\u00ebshtenjas, Pogradec. Policia ka arritur t\u00eb lokalizoj n\u00ebp\u00ebrmjet dronit automjeti tip \u201cVolksWagen\u201d i p\u00ebrfshir\u00eb n\u00eb [&hellip;]<\/p>\n","protected":false},"author":5,"featured_media":73125,"comment_status":"closed","ping_status":"closed","sticky":false,"template":"","format":"standard","meta":{"footnotes":""},"categories":[1,6332,29228],"tags":[33373,33374],"class_list":{"0":"post-79418","1":"post","2":"type-post","3":"status-publish","4":"format-standard","5":"has-post-thumbnail","7":"category-aktualitet","8":"category-te-fundit","9":"category-vendi","10":"tag-emri-arrestohet-38-vjecari","11":"tag-shkaktoi-aksidentin-me-vdekje-dhe-u-largua-nga-vendngjarja"},"_links":{"self":[{"href":"https:\/\/jugulajm.net\/index.php?rest_route=\/wp\/v2\/posts\/79418","targetHints":{"allow":["GET"]}}],"collection":[{"href":"https:\/\/jugulajm.net\/index.php?rest_route=\/wp\/v2\/posts"}],"about":[{"href":"https:\/\/jugulajm.net\/index.php?rest_route=\/wp\/v2\/types\/post"}],"author":[{"embeddable":true,"href":"https:\/\/jugulajm.net\/index.php?rest_route=\/wp\/v2\/users\/5"}],"replies":[{"embeddable":true,"href":"https:\/\/jugulajm.net\/index.php?rest_route=%2Fwp%2Fv2%2Fcomments&post=79418"}],"version-history":[{"count":0,"href":"https:\/\/jugulajm.net\/index.php?rest_route=\/wp\/v2\/posts\/79418\/revisions"}],"wp:featuredmedia":[{"embeddable":true,"href":"https:\/\/jugulajm.net\/index.php?rest_route=\/wp\/v2\/media\/73125"}],"wp:attachment":[{"href":"https:\/\/jugulajm.net\/index.php?rest_route=%2Fwp%2Fv2%2Fmedia&parent=79418"}],"wp:term":[{"taxonomy":"category","embeddable":true,"href":"https:\/\/jugulajm.net\/index.php?rest_route=%2Fwp%2Fv2%2Fcategories&post=79418"},{"taxonomy":"post_tag","embeddable":true,"href":"https:\/\/jugulajm.net\/index.php?rest_route=%2Fwp%2Fv2%2Ftags&post=79418"}],"curies":[{"name":"wp","href":"https:\/\/api.w.org\/{rel}","templated":true}]}}