{"id":79349,"date":"2024-10-03T14:27:53","date_gmt":"2024-10-03T12:27:53","guid":{"rendered":"https:\/\/jugulajm.net\/?p=79349"},"modified":"2024-10-03T14:27:53","modified_gmt":"2024-10-03T12:27:53","slug":"proda-betohet-dhe-merr-drejtimin-e-policise-se-shtetit","status":"publish","type":"post","link":"https:\/\/jugulajm.net\/?p=79349","title":{"rendered":"Proda betohet dhe merr drejtimin e Policis\u00eb s\u00eb Shtetit"},"content":{"rendered":"<p class=\"selectionShareable\">Oficeri i karrier\u00ebs Ilir Proda u betua sot si drejtor i policis\u00eb s\u00eb shtetit<\/p>\n<p class=\"selectionShareable\">Ministri i Brendsh\u00ebm Ervin Hoxha u shpreh besimplot\u00eb se n\u00eb drejtimin e Prod\u00ebs hapet nj\u00eb kapitull i ri n\u00eb rrug\u00ebn e p\u00ebrpjekjet e organizat\u00ebs s\u00eb Policis\u00eb p\u00ebr t\u2019u rritur dhe zhvilluar profesionalisht edhe n\u00eb mend\u00ebsin\u00eb institucionale<\/p>\n<p class=\"selectionShareable\"><em>\u201cDua q\u00eb sa m\u00eb shpejt t\u00eb formatojm\u00eb policin\u00eb e shtetit\u2019<\/em>\u00a0tha Hoxha.<\/p>\n<p class=\"selectionShareable\">Hoxha b\u00ebri t\u00eb ditur se, ceremonia zyrtare do t\u00eb zhvillohet n\u00eb nj\u00eb moment t\u00eb dyt\u00eb pasi t\u00eb ket\u00eb p\u00ebrfunduar i gjith\u00eb konkurrimi i drejtuesve t\u00eb Policis\u00eb s\u00eb Shtetit sipas procedurave q\u00eb jan\u00eb hapur tashm\u00eb n\u00eb zbatim t\u00eb ligjit t\u00eb ri t\u00eb Policis\u00eb s\u00eb Shtetit.<\/p>\n<p class=\"selectionShareable\">N\u00eb betimin e tij, Drejtori i ri i P\u00ebrgjithsh\u00ebm t\u00eb Policis\u00eb s\u00eb Shtetit, Ilir Proda, u shpreh se, \u00ebsht\u00eb i vendosur p\u00ebr t\u00eb mbrojtur rendin dhe sigurin\u00eb publike dhe p\u00ebr t\u00eb garantuar zbatimin rigorozisht t\u00eb ligjit, n\u00eb nderim tim personal betohem p\u00ebr t\u00eb mbajtur me nder flamurin e Policis\u00eb s\u00eb Shtetit.<\/p>\n","protected":false},"excerpt":{"rendered":"<p>Oficeri i karrier\u00ebs Ilir Proda u betua sot si drejtor i policis\u00eb s\u00eb shtetit Ministri i Brendsh\u00ebm Ervin Hoxha u shpreh besimplot\u00eb se n\u00eb drejtimin e Prod\u00ebs hapet nj\u00eb kapitull i ri n\u00eb rrug\u00ebn e p\u00ebrpjekjet e organizat\u00ebs s\u00eb Policis\u00eb p\u00ebr t\u2019u rritur dhe zhvilluar profesionalisht edhe n\u00eb mend\u00ebsin\u00eb institucionale \u201cDua q\u00eb sa m\u00eb shpejt [&hellip;]<\/p>\n","protected":false},"author":5,"featured_media":79350,"comment_status":"closed","ping_status":"closed","sticky":false,"template":"","format":"standard","meta":{"footnotes":""},"categories":[1,6332,29228],"tags":[33334],"class_list":{"0":"post-79349","1":"post","2":"type-post","3":"status-publish","4":"format-standard","5":"has-post-thumbnail","7":"category-aktualitet","8":"category-te-fundit","9":"category-vendi","10":"tag-proda-betohet-dhe-merr-drejtimin-e-policise-se-shtetit"},"_links":{"self":[{"href":"https:\/\/jugulajm.net\/index.php?rest_route=\/wp\/v2\/posts\/79349","targetHints":{"allow":["GET"]}}],"collection":[{"href":"https:\/\/jugulajm.net\/index.php?rest_route=\/wp\/v2\/posts"}],"about":[{"href":"https:\/\/jugulajm.net\/index.php?rest_route=\/wp\/v2\/types\/post"}],"author":[{"embeddable":true,"href":"https:\/\/jugulajm.net\/index.php?rest_route=\/wp\/v2\/users\/5"}],"replies":[{"embeddable":true,"href":"https:\/\/jugulajm.net\/index.php?rest_route=%2Fwp%2Fv2%2Fcomments&post=79349"}],"version-history":[{"count":0,"href":"https:\/\/jugulajm.net\/index.php?rest_route=\/wp\/v2\/posts\/79349\/revisions"}],"wp:featuredmedia":[{"embeddable":true,"href":"https:\/\/jugulajm.net\/index.php?rest_route=\/wp\/v2\/media\/79350"}],"wp:attachment":[{"href":"https:\/\/jugulajm.net\/index.php?rest_route=%2Fwp%2Fv2%2Fmedia&parent=79349"}],"wp:term":[{"taxonomy":"category","embeddable":true,"href":"https:\/\/jugulajm.net\/index.php?rest_route=%2Fwp%2Fv2%2Fcategories&post=79349"},{"taxonomy":"post_tag","embeddable":true,"href":"https:\/\/jugulajm.net\/index.php?rest_route=%2Fwp%2Fv2%2Ftags&post=79349"}],"curies":[{"name":"wp","href":"https:\/\/api.w.org\/{rel}","templated":true}]}}