{"id":79344,"date":"2024-10-03T12:27:46","date_gmt":"2024-10-03T10:27:46","guid":{"rendered":"https:\/\/jugulajm.net\/?p=79344"},"modified":"2024-10-03T12:28:16","modified_gmt":"2024-10-03T10:28:16","slug":"emri-foto-arrestohet-45-vjecari-dogji-me-benzine-bashkeshorten","status":"publish","type":"post","link":"https:\/\/jugulajm.net\/?p=79344","title":{"rendered":"EMRI-FOTO\/ Arrestohet 45-vje\u00e7ari, dogji me benzin\u00eb bashk\u00ebshorten"},"content":{"rendered":"<p>Pas nj\u00eb muaj k\u00ebrkimesh kapet nga policia, Bledar Tr\u00ebndafili, 45-vje\u00e7, i cili dogji me benzin\u00eb bashk\u00ebshorten me t\u00eb cil\u00ebn ishin n\u00eb proces divorici.<\/p>\n<p>M\u00ebsohet se Tr\u00ebndafili u kap nga policia n\u00eb qytetin e Kor\u00e7\u00ebs, nd\u00ebrsa si ngjarje \u00ebsht\u00eb regjistruar n\u00eb dat\u00ebn 3 Gusht.<\/p>\n<p>Q\u00eb nga momenti i arrestimit autori nuk ka deklaruar asgj\u00eb nd\u00ebrkoh\u00eb sipas burimeve, Tr\u00ebndafili gjat\u00eb gjith\u00eb k\u00ebtij muaji ishte fshehur n\u00eb zona t\u00eb ndryshme t\u00eb qarkut, por vet\u00ebm sot pasi autori ka shkuar n\u00eb lagjen 4 t\u00eb qytetit \u00ebsht\u00eb mundur t\u00eb b\u00ebhet arrestimi i tij.<\/p>\n","protected":false},"excerpt":{"rendered":"<p>Pas nj\u00eb muaj k\u00ebrkimesh kapet nga policia, Bledar Tr\u00ebndafili, 45-vje\u00e7, i cili dogji me benzin\u00eb bashk\u00ebshorten me t\u00eb cil\u00ebn ishin n\u00eb proces divorici. M\u00ebsohet se Tr\u00ebndafili u kap nga policia n\u00eb qytetin e Kor\u00e7\u00ebs, nd\u00ebrsa si ngjarje \u00ebsht\u00eb regjistruar n\u00eb dat\u00ebn 3 Gusht. Q\u00eb nga momenti i arrestimit autori nuk ka deklaruar asgj\u00eb nd\u00ebrkoh\u00eb sipas [&hellip;]<\/p>\n","protected":false},"author":5,"featured_media":78382,"comment_status":"closed","ping_status":"closed","sticky":false,"template":"","format":"standard","meta":{"footnotes":""},"categories":[1,6332,29228],"tags":[33331,33330],"class_list":{"0":"post-79344","1":"post","2":"type-post","3":"status-publish","4":"format-standard","5":"has-post-thumbnail","7":"category-aktualitet","8":"category-te-fundit","9":"category-vendi","10":"tag-dogji-me-benzine-bashkeshorten","11":"tag-emri-arrestohet-45-vjecari"},"_links":{"self":[{"href":"https:\/\/jugulajm.net\/index.php?rest_route=\/wp\/v2\/posts\/79344","targetHints":{"allow":["GET"]}}],"collection":[{"href":"https:\/\/jugulajm.net\/index.php?rest_route=\/wp\/v2\/posts"}],"about":[{"href":"https:\/\/jugulajm.net\/index.php?rest_route=\/wp\/v2\/types\/post"}],"author":[{"embeddable":true,"href":"https:\/\/jugulajm.net\/index.php?rest_route=\/wp\/v2\/users\/5"}],"replies":[{"embeddable":true,"href":"https:\/\/jugulajm.net\/index.php?rest_route=%2Fwp%2Fv2%2Fcomments&post=79344"}],"version-history":[{"count":0,"href":"https:\/\/jugulajm.net\/index.php?rest_route=\/wp\/v2\/posts\/79344\/revisions"}],"wp:featuredmedia":[{"embeddable":true,"href":"https:\/\/jugulajm.net\/index.php?rest_route=\/wp\/v2\/media\/78382"}],"wp:attachment":[{"href":"https:\/\/jugulajm.net\/index.php?rest_route=%2Fwp%2Fv2%2Fmedia&parent=79344"}],"wp:term":[{"taxonomy":"category","embeddable":true,"href":"https:\/\/jugulajm.net\/index.php?rest_route=%2Fwp%2Fv2%2Fcategories&post=79344"},{"taxonomy":"post_tag","embeddable":true,"href":"https:\/\/jugulajm.net\/index.php?rest_route=%2Fwp%2Fv2%2Ftags&post=79344"}],"curies":[{"name":"wp","href":"https:\/\/api.w.org\/{rel}","templated":true}]}}