{"id":79270,"date":"2024-09-30T18:36:45","date_gmt":"2024-09-30T16:36:45","guid":{"rendered":"https:\/\/jugulajm.net\/?p=79270"},"modified":"2024-09-30T18:37:29","modified_gmt":"2024-09-30T16:37:29","slug":"sarande-3-vjecari-goditet-aksidentalisht-nga-makina-qe-drejtohej-nga-babai-i-tij-transportohet-me-helikopter-drejt-tiranes","status":"publish","type":"post","link":"https:\/\/jugulajm.net\/?p=79270","title":{"rendered":"3-vje\u00e7ari goditet nga makina q\u00eb drejtohej nga babai i tij, transportohet me helikopter drejt Tiran\u00ebs"},"content":{"rendered":"<p>Nj\u00eb ngjarje e r\u00ebnd\u00eb ka ndodhur sot n\u00eb Sarand\u00eb, ku nj\u00eb f\u00ebmij\u00eb 3-vje\u00e7ar \u00ebsht\u00eb goditur aksidentalisht nga automjeti i drejtuar nga babai i tij.<\/p>\n<p>Menj\u00ebher\u00eb pas aksidentit, f\u00ebmija \u00ebsht\u00eb d\u00ebrguar me urgjenc\u00eb n\u00eb Spitalin e Sarand\u00ebs p\u00ebr t\u00eb marr\u00eb ndihm\u00ebn e par\u00eb mjek\u00ebsore.<\/p>\n<p>P\u00ebr shkak t\u00eb gjendjes s\u00eb tij sh\u00ebndet\u00ebsore t\u00eb r\u00ebnduar, ekipet mjek\u00ebsore kan\u00eb vendosur q\u00eb f\u00ebmija t\u00eb transportohet me helikopter drejt Tiran\u00ebs p\u00ebr trajtim t\u00eb specializuar.<\/p>\n<p>Nuk dihen ende detajet e plota mbi rrethanat e aksidentit, nd\u00ebrsa policia ka nisur hetimet p\u00ebr t\u00eb zbardhur ngjarjen.<\/p>\n","protected":false},"excerpt":{"rendered":"<p>Nj\u00eb ngjarje e r\u00ebnd\u00eb ka ndodhur sot n\u00eb Sarand\u00eb, ku nj\u00eb f\u00ebmij\u00eb 3-vje\u00e7ar \u00ebsht\u00eb goditur aksidentalisht nga automjeti i drejtuar nga babai i tij. Menj\u00ebher\u00eb pas aksidentit, f\u00ebmija \u00ebsht\u00eb d\u00ebrguar me urgjenc\u00eb n\u00eb Spitalin e Sarand\u00ebs p\u00ebr t\u00eb marr\u00eb ndihm\u00ebn e par\u00eb mjek\u00ebsore. P\u00ebr shkak t\u00eb gjendjes s\u00eb tij sh\u00ebndet\u00ebsore t\u00eb r\u00ebnduar, ekipet mjek\u00ebsore kan\u00eb [&hellip;]<\/p>\n","protected":false},"author":5,"featured_media":77713,"comment_status":"closed","ping_status":"closed","sticky":false,"template":"","format":"standard","meta":{"footnotes":""},"categories":[1,6332,29228],"tags":[33289,33290],"class_list":{"0":"post-79270","1":"post","2":"type-post","3":"status-publish","4":"format-standard","5":"has-post-thumbnail","7":"category-aktualitet","8":"category-te-fundit","9":"category-vendi","10":"tag-sarande-3-vjecari-goditet-aksidentalisht-nga-makina-qe-drejtohej-nga-babai-i-tij","11":"tag-transportohet-me-helikopter-drejt-tiranes"},"_links":{"self":[{"href":"https:\/\/jugulajm.net\/index.php?rest_route=\/wp\/v2\/posts\/79270","targetHints":{"allow":["GET"]}}],"collection":[{"href":"https:\/\/jugulajm.net\/index.php?rest_route=\/wp\/v2\/posts"}],"about":[{"href":"https:\/\/jugulajm.net\/index.php?rest_route=\/wp\/v2\/types\/post"}],"author":[{"embeddable":true,"href":"https:\/\/jugulajm.net\/index.php?rest_route=\/wp\/v2\/users\/5"}],"replies":[{"embeddable":true,"href":"https:\/\/jugulajm.net\/index.php?rest_route=%2Fwp%2Fv2%2Fcomments&post=79270"}],"version-history":[{"count":0,"href":"https:\/\/jugulajm.net\/index.php?rest_route=\/wp\/v2\/posts\/79270\/revisions"}],"wp:featuredmedia":[{"embeddable":true,"href":"https:\/\/jugulajm.net\/index.php?rest_route=\/wp\/v2\/media\/77713"}],"wp:attachment":[{"href":"https:\/\/jugulajm.net\/index.php?rest_route=%2Fwp%2Fv2%2Fmedia&parent=79270"}],"wp:term":[{"taxonomy":"category","embeddable":true,"href":"https:\/\/jugulajm.net\/index.php?rest_route=%2Fwp%2Fv2%2Fcategories&post=79270"},{"taxonomy":"post_tag","embeddable":true,"href":"https:\/\/jugulajm.net\/index.php?rest_route=%2Fwp%2Fv2%2Ftags&post=79270"}],"curies":[{"name":"wp","href":"https:\/\/api.w.org\/{rel}","templated":true}]}}