{"id":79264,"date":"2024-09-30T12:57:59","date_gmt":"2024-09-30T10:57:59","guid":{"rendered":"https:\/\/jugulajm.net\/?p=79264"},"modified":"2024-09-30T12:57:59","modified_gmt":"2024-09-30T10:57:59","slug":"itali-32-vjecari-shqiptar-plagos-me-thike-52-vjecarin-italian","status":"publish","type":"post","link":"https:\/\/jugulajm.net\/?p=79264","title":{"rendered":"Itali\/ 32-vje\u00e7ari shqiptar plagos me thik\u00eb 52-vje\u00e7arin italian"},"content":{"rendered":"<p><span data-contrast=\"auto\">Nj\u00eb 32-vje\u00e7ar me origjin\u00eb shqiptare ka plagosur me thik\u00eb nj\u00eb italian p\u00ebr shkak t\u00eb nj\u00eb debati banal n\u00eb nj\u00eb stacion autobusi n\u00eb Itali.<\/span><span data-ccp-props=\"{&quot;201341983&quot;:0,&quot;335559739&quot;:160,&quot;335559740&quot;:279}\">\u00a0<\/span><\/p>\n<p><span data-contrast=\"auto\">M\u00ebsohet se ngjarja ka ndodhur t\u00eb diel\u00ebn e 29 shtatorit, rreth or\u00ebs 14:00 n\u00eb Corso Sebastopoli, pran\u00eb kryq\u00ebzimit me Corso IV Novembre.<\/span><span data-ccp-props=\"{&quot;201341983&quot;:0,&quot;335559739&quot;:160,&quot;335559740&quot;:279}\">\u00a0<\/span><\/p>\n<p><span data-contrast=\"auto\">Sipas mediave italiane 32-vje\u00e7ari pasi e ka goditur me thik\u00eb 52-vje\u00e7arin, ka vijuar ta sulmoj\u00eb s\u00ebrish duke e goditur me k\u00ebmb\u00eb n\u00eb fytyr\u00eb.<\/span><span data-ccp-props=\"{&quot;201341983&quot;:0,&quot;335559739&quot;:160,&quot;335559740&quot;:279}\">\u00a0<\/span><\/p>\n<p><span data-contrast=\"auto\">I plagosuri \u00ebsht\u00eb transportuar n\u00eb spitalin Molinette dhe ndodhet jasht\u00eb rrezikut p\u00ebr jet\u00ebn, shkruan\u00a0Corriere.<\/span><span data-ccp-props=\"{&quot;201341983&quot;:0,&quot;335559739&quot;:160,&quot;335559740&quot;:279}\">\u00a0<\/span><\/p>\n<p><span data-contrast=\"auto\">Nd\u00ebrkoh\u00eb shqiptari u arrestua me akuz\u00ebn e sulmit t\u00eb r\u00ebnd\u00eb.<\/span><span data-ccp-props=\"{&quot;201341983&quot;:0,&quot;335559739&quot;:160,&quot;335559740&quot;:279}\">\u00a0<\/span><\/p>\n<p><span data-contrast=\"auto\">Nga hetimet e kryera u konstatua se italiani nuk e kishte njohur m\u00eb par\u00eb 32-vje\u00e7arin.<\/span><span data-ccp-props=\"{&quot;201341983&quot;:0,&quot;335559739&quot;:160,&quot;335559740&quot;:279}\">\u00a0<\/span><\/p>\n","protected":false},"excerpt":{"rendered":"<p>Nj\u00eb 32-vje\u00e7ar me origjin\u00eb shqiptare ka plagosur me thik\u00eb nj\u00eb italian p\u00ebr shkak t\u00eb nj\u00eb debati banal n\u00eb nj\u00eb stacion autobusi n\u00eb Itali.\u00a0 M\u00ebsohet se ngjarja ka ndodhur t\u00eb diel\u00ebn e 29 shtatorit, rreth or\u00ebs 14:00 n\u00eb Corso Sebastopoli, pran\u00eb kryq\u00ebzimit me Corso IV Novembre.\u00a0 Sipas mediave italiane 32-vje\u00e7ari pasi e ka goditur me thik\u00eb [&hellip;]<\/p>\n","protected":false},"author":5,"featured_media":0,"comment_status":"closed","ping_status":"closed","sticky":false,"template":"","format":"standard","meta":{"footnotes":""},"categories":[1,7664,6332],"tags":[33286],"class_list":{"0":"post-79264","1":"post","2":"type-post","3":"status-publish","4":"format-standard","6":"category-aktualitet","7":"category-bota","8":"category-te-fundit","9":"tag-itali-32-vjecari-shqiptar-plagos-me-thike-52-vjecarin-italian"},"_links":{"self":[{"href":"https:\/\/jugulajm.net\/index.php?rest_route=\/wp\/v2\/posts\/79264","targetHints":{"allow":["GET"]}}],"collection":[{"href":"https:\/\/jugulajm.net\/index.php?rest_route=\/wp\/v2\/posts"}],"about":[{"href":"https:\/\/jugulajm.net\/index.php?rest_route=\/wp\/v2\/types\/post"}],"author":[{"embeddable":true,"href":"https:\/\/jugulajm.net\/index.php?rest_route=\/wp\/v2\/users\/5"}],"replies":[{"embeddable":true,"href":"https:\/\/jugulajm.net\/index.php?rest_route=%2Fwp%2Fv2%2Fcomments&post=79264"}],"version-history":[{"count":0,"href":"https:\/\/jugulajm.net\/index.php?rest_route=\/wp\/v2\/posts\/79264\/revisions"}],"wp:attachment":[{"href":"https:\/\/jugulajm.net\/index.php?rest_route=%2Fwp%2Fv2%2Fmedia&parent=79264"}],"wp:term":[{"taxonomy":"category","embeddable":true,"href":"https:\/\/jugulajm.net\/index.php?rest_route=%2Fwp%2Fv2%2Fcategories&post=79264"},{"taxonomy":"post_tag","embeddable":true,"href":"https:\/\/jugulajm.net\/index.php?rest_route=%2Fwp%2Fv2%2Ftags&post=79264"}],"curies":[{"name":"wp","href":"https:\/\/api.w.org\/{rel}","templated":true}]}}