{"id":79240,"date":"2024-09-29T16:56:37","date_gmt":"2024-09-29T14:56:37","guid":{"rendered":"https:\/\/jugulajm.net\/?p=79240"},"modified":"2024-09-29T16:57:56","modified_gmt":"2024-09-29T14:57:56","slug":"emri-foto-mjeku-shqiptar-braktis-gjermanine-rikthehet-ne-vendlindje-pas-20-vitesh","status":"publish","type":"post","link":"https:\/\/jugulajm.net\/?p=79240","title":{"rendered":"EMRI-FOTO\/ Mjeku shqiptar braktis Gjermanin\u00eb, rikthehet n\u00eb vendlindje pas 20 vitesh"},"content":{"rendered":"<p>N\u00eb koh\u00ebn kur shum\u00eb mjek\u00eb t\u00eb rinj e t\u00eb vjet\u00ebr k\u00ebrkojn\u00eb t\u00eb ikin n\u00eb vendet e Bashkimit Europian p\u00ebr t\u00eb ushtruar profesionin e tyre Erind Shurdi nga Divjaka, mjek n\u00eb profesion vendosi t\u00eb braktis\u00eb Gjermanin\u00eb dhe t\u00eb kthehet n\u00eb vendlindje.<\/p>\n<p>Studimet e larta ai i mbaroi n\u00eb Itali, aty ku edhe nisi pun\u00ebn si mjek p\u00ebr t\u2019u zhvendosur n\u00eb Gjermani p\u00ebr nj\u00eb mund\u00ebsi m\u00eb t\u00eb mir\u00eb pun\u00ebsimi. Por 20 vite n\u00eb emigrim ai i la pas shpine p\u00ebr tu kthyer n\u00eb vendlindje.<\/p>\n<p>Si \u00e7do rikthim ishte i v\u00ebshtir\u00eb, shprehet mjeku, teksa tregon se iu desh nj\u00eb periudhe tre vje\u00e7are p\u00ebr procedurat e konvertimit t\u00eb diplom\u00ebs me q\u00ebllim q\u00eb t\u00eb kishte mund\u00ebsi t\u00eb sillte n\u00eb vendin e tij eksperienc\u00ebn dhe profesionalizmin e p\u00ebrfituar n\u00eb Itali dhe Gjermani.<\/p>\n<p>Ngroht\u00ebsis\u00eb dhe afrimitetin q\u00eb ka gjetur n\u00eb vendlindje, Erind Shurdi thot\u00eb se nuk mund ta z\u00ebvend\u00ebsoj\u00eb me asgj\u00eb tjet\u00ebr.<\/p>\n<p>Erindi ka nj\u00eb mesazh p\u00ebr t\u00eb gjith\u00eb student\u00ebt e rinj, q\u00eb duan t\u00eb braktisin vendin, por edhe p\u00ebr t\u00eb gjith\u00eb koleg\u00ebt mjek\u00eb q\u00eb ushtrojn\u00eb profesionin jasht\u00eb Shqip\u00ebris\u00eb.<\/p>\n","protected":false},"excerpt":{"rendered":"<p>N\u00eb koh\u00ebn kur shum\u00eb mjek\u00eb t\u00eb rinj e t\u00eb vjet\u00ebr k\u00ebrkojn\u00eb t\u00eb ikin n\u00eb vendet e Bashkimit Europian p\u00ebr t\u00eb ushtruar profesionin e tyre Erind Shurdi nga Divjaka, mjek n\u00eb profesion vendosi t\u00eb braktis\u00eb Gjermanin\u00eb dhe t\u00eb kthehet n\u00eb vendlindje. Studimet e larta ai i mbaroi n\u00eb Itali, aty ku edhe nisi pun\u00ebn si mjek [&hellip;]<\/p>\n","protected":false},"author":5,"featured_media":79242,"comment_status":"closed","ping_status":"closed","sticky":false,"template":"","format":"standard","meta":{"footnotes":""},"categories":[6332,29228],"tags":[33277,33278],"class_list":{"0":"post-79240","1":"post","2":"type-post","3":"status-publish","4":"format-standard","5":"has-post-thumbnail","7":"category-te-fundit","8":"category-vendi","9":"tag-emri-foto-mjeku-shqiptar-braktis-gjermanine","10":"tag-rikthehet-ne-vendlindje-pas-20-vitesh"},"_links":{"self":[{"href":"https:\/\/jugulajm.net\/index.php?rest_route=\/wp\/v2\/posts\/79240","targetHints":{"allow":["GET"]}}],"collection":[{"href":"https:\/\/jugulajm.net\/index.php?rest_route=\/wp\/v2\/posts"}],"about":[{"href":"https:\/\/jugulajm.net\/index.php?rest_route=\/wp\/v2\/types\/post"}],"author":[{"embeddable":true,"href":"https:\/\/jugulajm.net\/index.php?rest_route=\/wp\/v2\/users\/5"}],"replies":[{"embeddable":true,"href":"https:\/\/jugulajm.net\/index.php?rest_route=%2Fwp%2Fv2%2Fcomments&post=79240"}],"version-history":[{"count":0,"href":"https:\/\/jugulajm.net\/index.php?rest_route=\/wp\/v2\/posts\/79240\/revisions"}],"wp:featuredmedia":[{"embeddable":true,"href":"https:\/\/jugulajm.net\/index.php?rest_route=\/wp\/v2\/media\/79242"}],"wp:attachment":[{"href":"https:\/\/jugulajm.net\/index.php?rest_route=%2Fwp%2Fv2%2Fmedia&parent=79240"}],"wp:term":[{"taxonomy":"category","embeddable":true,"href":"https:\/\/jugulajm.net\/index.php?rest_route=%2Fwp%2Fv2%2Fcategories&post=79240"},{"taxonomy":"post_tag","embeddable":true,"href":"https:\/\/jugulajm.net\/index.php?rest_route=%2Fwp%2Fv2%2Ftags&post=79240"}],"curies":[{"name":"wp","href":"https:\/\/api.w.org\/{rel}","templated":true}]}}