{"id":79170,"date":"2024-09-26T18:20:51","date_gmt":"2024-09-26T16:20:51","guid":{"rendered":"https:\/\/jugulajm.net\/?p=79170"},"modified":"2024-09-26T18:21:33","modified_gmt":"2024-09-26T16:21:33","slug":"itali-arrestohet-35-vjecari-shqiptar-akuzohet-per-grabitje-e-zhvatje","status":"publish","type":"post","link":"https:\/\/jugulajm.net\/?p=79170","title":{"rendered":"Itali, arrestohet 35-vje\u00e7ari shqiptar, akuzohet p\u00ebr grabitje e zhvatje"},"content":{"rendered":"<p>N\u00eb or\u00ebt e para t\u00eb pasdites s\u00eb t\u00eb m\u00ebrkur\u00ebs m\u00eb 25 shtator, n\u00eb rrethin Murialdo, karabinier\u00ebt e kompanis\u00eb Viterbo zbatuan urdhrin e ekzekutimit me burg, t\u00eb l\u00ebshuar nga Prokuroria e P\u00ebrgjithshme e Republik\u00ebs n\u00eb Gjykat\u00ebn e Apelit t\u00eb Rom\u00ebs.<\/p>\n<p>\u201cMasa, shpjegojn\u00eb Karabinier\u00ebt n\u00eb nj\u00eb sh\u00ebnim p\u00ebrfshinte nj\u00eb 35-vje\u00e7ar me origjin\u00eb shqiptare, tashm\u00eb i n\u00ebnshtruar n\u00eb arrest sht\u00ebpie, i mbajtur p\u00ebrgjegj\u00ebs p\u00ebr zhvatje, grabitje dhe shoq\u00ebrim kriminal t\u00eb tipit mafioz, i zbuluar mes Viterbos n\u00eb n\u00ebntor 2019\u2033.<\/p>\n<p>Dispozita p\u00ebrfundon sh\u00ebnimi nga Karabinier\u00ebt \u00ebsht\u00eb rezultat i hetimeve nga Departamenti Operativ \u2013 Nj\u00ebsia Hetimore e Komand\u00ebs Provinciale t\u00eb Karabinier\u00ebve.<\/p>\n<p>Ushtar\u00ebt e stacionit t\u00eb Viterbos vazhduan me arrestimin e sot\u00ebm, duke e transportuar burrin n\u00eb burgun \u2018Nicandro Izzo\u2019 n\u00eb zon\u00ebn e Mammagialla, ku pritet t\u00eb marr\u00eb rreth 10 vjet e 9 muaj burgim\u201d.<\/p>\n","protected":false},"excerpt":{"rendered":"<p>N\u00eb or\u00ebt e para t\u00eb pasdites s\u00eb t\u00eb m\u00ebrkur\u00ebs m\u00eb 25 shtator, n\u00eb rrethin Murialdo, karabinier\u00ebt e kompanis\u00eb Viterbo zbatuan urdhrin e ekzekutimit me burg, t\u00eb l\u00ebshuar nga Prokuroria e P\u00ebrgjithshme e Republik\u00ebs n\u00eb Gjykat\u00ebn e Apelit t\u00eb Rom\u00ebs. \u201cMasa, shpjegojn\u00eb Karabinier\u00ebt n\u00eb nj\u00eb sh\u00ebnim p\u00ebrfshinte nj\u00eb 35-vje\u00e7ar me origjin\u00eb shqiptare, tashm\u00eb i n\u00ebnshtruar n\u00eb [&hellip;]<\/p>\n","protected":false},"author":5,"featured_media":63822,"comment_status":"closed","ping_status":"closed","sticky":false,"template":"","format":"standard","meta":{"footnotes":""},"categories":[1,7664,6332],"tags":[33241,30121,26133],"class_list":{"0":"post-79170","1":"post","2":"type-post","3":"status-publish","4":"format-standard","5":"has-post-thumbnail","7":"category-aktualitet","8":"category-bota","9":"category-te-fundit","10":"tag-akuzohet-per-grabitje-e-zhvatje","11":"tag-arrestohet-35-vjecari-shqiptar","12":"tag-itali"},"_links":{"self":[{"href":"https:\/\/jugulajm.net\/index.php?rest_route=\/wp\/v2\/posts\/79170","targetHints":{"allow":["GET"]}}],"collection":[{"href":"https:\/\/jugulajm.net\/index.php?rest_route=\/wp\/v2\/posts"}],"about":[{"href":"https:\/\/jugulajm.net\/index.php?rest_route=\/wp\/v2\/types\/post"}],"author":[{"embeddable":true,"href":"https:\/\/jugulajm.net\/index.php?rest_route=\/wp\/v2\/users\/5"}],"replies":[{"embeddable":true,"href":"https:\/\/jugulajm.net\/index.php?rest_route=%2Fwp%2Fv2%2Fcomments&post=79170"}],"version-history":[{"count":0,"href":"https:\/\/jugulajm.net\/index.php?rest_route=\/wp\/v2\/posts\/79170\/revisions"}],"wp:featuredmedia":[{"embeddable":true,"href":"https:\/\/jugulajm.net\/index.php?rest_route=\/wp\/v2\/media\/63822"}],"wp:attachment":[{"href":"https:\/\/jugulajm.net\/index.php?rest_route=%2Fwp%2Fv2%2Fmedia&parent=79170"}],"wp:term":[{"taxonomy":"category","embeddable":true,"href":"https:\/\/jugulajm.net\/index.php?rest_route=%2Fwp%2Fv2%2Fcategories&post=79170"},{"taxonomy":"post_tag","embeddable":true,"href":"https:\/\/jugulajm.net\/index.php?rest_route=%2Fwp%2Fv2%2Ftags&post=79170"}],"curies":[{"name":"wp","href":"https:\/\/api.w.org\/{rel}","templated":true}]}}