{"id":79045,"date":"2024-09-23T12:03:48","date_gmt":"2024-09-23T10:03:48","guid":{"rendered":"https:\/\/jugulajm.net\/?p=79045"},"modified":"2024-09-23T12:06:26","modified_gmt":"2024-09-23T10:06:26","slug":"spak-shtyn-me-3-muaj-hetimet-per-ish-zv-kryeministrin-ahmetaj","status":"publish","type":"post","link":"https:\/\/jugulajm.net\/?p=79045","title":{"rendered":"SPAK shtyn hetimet p\u00ebr ish-zv\/kryeministrin Ahmetaj, ja se sa&#8230;"},"content":{"rendered":"<p><span data-contrast=\"auto\">Prokuroria e Posa\u00e7me SPAK i ka shtyr\u00eb me tre muaj hetimet p\u00ebr ish z\u00ebvend\u00ebskryeministrin, Arben Ahmetaj.<\/span><span data-ccp-props=\"{&quot;201341983&quot;:0,&quot;335559739&quot;:160,&quot;335559740&quot;:279}\">\u00a0<\/span><\/p>\n<p><span data-contrast=\"auto\">Afati i fundit i SPAK p\u00ebr t\u00eb kopsitur dosjen \u201cAhmetaj\u201d \u00ebsht\u00eb caktuar n\u00eb dat\u00eb 22 dhjetor te k\u00ebtij viti, ku me pas organi i akuz\u00ebs pritet t\u00eb zbres\u00eb hetimet n\u00eb Gjykat\u00ebn e Posa\u00e7me p\u00ebr kalimin ose jo t\u00eb dosjes p\u00ebr gjykim.<\/span><span data-ccp-props=\"{&quot;201341983&quot;:0,&quot;335559739&quot;:160,&quot;335559740&quot;:279}\">\u00a0<\/span><\/p>\n<p><span data-contrast=\"auto\">Ndaj ish z\u00ebvend\u00ebskryeministrit, nj\u00ebher\u00ebsh ish minist\u00ebr i financave, SPAK ka ngritur akuzat p\u00ebr kryerjen e veprave penale \u201cPastrim parash\u201d, \u201cfshehje t\u00eb pasuris\u00eb\u201d dhe \u201ckorrupsion pasiv\u201d.<\/span><span data-ccp-props=\"{&quot;201341983&quot;:0,&quot;335559739&quot;:160,&quot;335559740&quot;:279}\">\u00a0<\/span><\/p>\n<p><span data-contrast=\"auto\">N\u00eb muajin korrik t\u00eb vitit t\u00eb kaluar, organi i akuz\u00ebs l\u00ebshoi urdh\u00ebr arrest p\u00ebr Arben Ahmetaj dhe e shpalli at\u00eb n\u00eb k\u00ebrkim nd\u00ebrkomb\u00ebtar, nd\u00ebrsa n\u00eb mars t\u00eb 2024 i komunikoi akuzat p\u00ebrmes avokatit t\u00eb tij ligjor.<\/span><span data-ccp-props=\"{&quot;201341983&quot;:0,&quot;335559739&quot;:160,&quot;335559740&quot;:279}\">\u00a0<\/span><\/p>\n<p><span data-contrast=\"auto\">Ahmetaj dyshohet se gjat\u00eb funksionit t\u00eb tij si minist\u00ebr, mori disa akte p\u00ebr t\u2019i mund\u00ebsuar sip\u00ebrmarr\u00ebsve lidhjen e kontratave koncensionare.<\/span><span data-ccp-props=\"{&quot;201341983&quot;:0,&quot;335559739&quot;:160,&quot;335559740&quot;:279}\">\u00a0<\/span><\/p>\n","protected":false},"excerpt":{"rendered":"<p>Prokuroria e Posa\u00e7me SPAK i ka shtyr\u00eb me tre muaj hetimet p\u00ebr ish z\u00ebvend\u00ebskryeministrin, Arben Ahmetaj.\u00a0 Afati i fundit i SPAK p\u00ebr t\u00eb kopsitur dosjen \u201cAhmetaj\u201d \u00ebsht\u00eb caktuar n\u00eb dat\u00eb 22 dhjetor te k\u00ebtij viti, ku me pas organi i akuz\u00ebs pritet t\u00eb zbres\u00eb hetimet n\u00eb Gjykat\u00ebn e Posa\u00e7me p\u00ebr kalimin ose jo t\u00eb dosjes [&hellip;]<\/p>\n","protected":false},"author":5,"featured_media":62070,"comment_status":"closed","ping_status":"closed","sticky":false,"template":"","format":"standard","meta":{"footnotes":""},"categories":[1,6332,29228],"tags":[33173],"class_list":{"0":"post-79045","1":"post","2":"type-post","3":"status-publish","4":"format-standard","5":"has-post-thumbnail","7":"category-aktualitet","8":"category-te-fundit","9":"category-vendi","10":"tag-spak-shtyn-me-3-muaj-hetimet-per-ish-zv-kryeministrin-ahmetaj"},"_links":{"self":[{"href":"https:\/\/jugulajm.net\/index.php?rest_route=\/wp\/v2\/posts\/79045","targetHints":{"allow":["GET"]}}],"collection":[{"href":"https:\/\/jugulajm.net\/index.php?rest_route=\/wp\/v2\/posts"}],"about":[{"href":"https:\/\/jugulajm.net\/index.php?rest_route=\/wp\/v2\/types\/post"}],"author":[{"embeddable":true,"href":"https:\/\/jugulajm.net\/index.php?rest_route=\/wp\/v2\/users\/5"}],"replies":[{"embeddable":true,"href":"https:\/\/jugulajm.net\/index.php?rest_route=%2Fwp%2Fv2%2Fcomments&post=79045"}],"version-history":[{"count":0,"href":"https:\/\/jugulajm.net\/index.php?rest_route=\/wp\/v2\/posts\/79045\/revisions"}],"wp:featuredmedia":[{"embeddable":true,"href":"https:\/\/jugulajm.net\/index.php?rest_route=\/wp\/v2\/media\/62070"}],"wp:attachment":[{"href":"https:\/\/jugulajm.net\/index.php?rest_route=%2Fwp%2Fv2%2Fmedia&parent=79045"}],"wp:term":[{"taxonomy":"category","embeddable":true,"href":"https:\/\/jugulajm.net\/index.php?rest_route=%2Fwp%2Fv2%2Fcategories&post=79045"},{"taxonomy":"post_tag","embeddable":true,"href":"https:\/\/jugulajm.net\/index.php?rest_route=%2Fwp%2Fv2%2Ftags&post=79045"}],"curies":[{"name":"wp","href":"https:\/\/api.w.org\/{rel}","templated":true}]}}