{"id":79035,"date":"2024-09-23T09:04:56","date_gmt":"2024-09-23T07:04:56","guid":{"rendered":"https:\/\/jugulajm.net\/?p=79035"},"modified":"2024-09-23T09:04:56","modified_gmt":"2024-09-23T07:04:56","slug":"parashikimi-i-motit-per-te-gjithe-javen","status":"publish","type":"post","link":"https:\/\/jugulajm.net\/?p=79035","title":{"rendered":"Parashikimi i motit p\u00ebr t\u00eb gjith\u00eb jav\u00ebn&#8230;"},"content":{"rendered":"<p>P\u00ebr jav\u00ebn q\u00eb presim p\u00ebrpara vendi yn\u00eb pritet t\u00eb p\u00ebrjetoj\u00eb nj\u00eb jav\u00eb \u201cnormale\u201d vjeshte. Kalimi i nj\u00eb fronti t\u00eb ftoht\u00eb pritet t\u00eb sjell\u00eb mot t\u00eb vran\u00ebt dhe reshje shiu p\u00ebr disa dit\u00eb nd\u00ebrsa dep\u00ebrtimi i masave ajrore t\u00eb thata dhe t\u00eb ngrohta do t\u00eb sjelli mot t\u00eb kthjell\u00ebt e p\u00ebrs\u00ebri rritje t\u00eb temperaturave.<\/p>\n<p>N\u00eb k\u00ebt\u00eb m\u00ebnyr\u00eb p\u00ebr dit\u00ebn e H\u00ebn\u00eb moti parashikohet me kthjellime e alternime vran\u00ebsirash hera-her\u00ebs deri t\u00eb dendura si dhe reshje shiu t\u00eb izoluara dhe t\u00eb dob\u00ebta n\u00eb mesdit\u00eb dhe pasdite.<\/p>\n<p>P\u00ebr dit\u00ebn e Mart\u00eb dhe dit\u00ebn e M\u00ebrkur\u00eb pritet kalimi i nj\u00eb fronti t\u00eb ftoht\u00eb atmosferik. Moti parashikohet kryesisht i vran\u00ebt por nuk do t\u00eb mungojn\u00eb edhe intervalet e her\u00ebpashershme me diell (kthjellime). Vran\u00ebsirat do t\u00eb shoq\u00ebrohen me reshje shiu t\u00eb her\u00ebpashershme (nd\u00ebrprerje) me intensitet t\u00eb ul\u00ebt deri mesatar n\u00eb form\u00ebn e shtr\u00ebngatave.<\/p>\n<p>N\u00eb v\u00ebmendje duhet patur zona e veriper\u00ebndimit ku reshjet parashikohen me intensitet mesatar deri dhe t\u00eb lart\u00eb n\u00eb form\u00ebn e rrebesheve shoq\u00ebruar me shkarkesa elektrike.<\/p>\n<div class=\"insertion-box\">\n<div class=\"\">\n<div id=\"t66f112159ced1\" data-p=\"100\">\n<div id=\"MDA33460\" class=\"\" data-adid=\"alfapressmda216167\" data-netid=\"137356148\" data-sizes=\"300x250\" data-google-query-id=\"CNfD9NW_2IgDFfkAVQgdS8UQjQ\">\n<div id=\"google_ads_iframe_\/137356148\/alfapressmda216167_0__container__\">Duke filluar nga dita e Enjte pritet nj\u00eb situat\u00eb pasfrontale dhe dep\u00ebrtimin e masave ajrore t\u00eb q\u00ebndrueshme, t\u00eb thata dhe m\u00eb t\u00eb ngrohta me origjin\u00eb jugper\u00ebndimore. Moti (p\u00ebr dit\u00ebn e Enjte) parashikohet fillimisht me vran\u00ebsira e m\u00eb pas mot i kthjell\u00ebt n\u00eb t\u00eb gjith\u00eb territorin. Gjithashtu edhe p\u00ebr dit\u00ebn e Premte moti parashikohet i kthjell\u00ebt n\u00eb t\u00eb gjith\u00eb territorin.<\/div>\n<\/div>\n<\/div>\n<\/div>\n<\/div>\n<p>Era p\u00ebrgjat\u00eb k\u00ebtyre dit\u00ebve do t\u00eb fryj\u00eb nga kuadrati i jugut dhe shpejt\u00ebsi mesatare 3-8 m\/s nd\u00ebrsa hera-her\u00ebs p\u00ebrgjat\u00eb zonave luginore dhe bregdet b\u00ebhet relativisht intensive dhe shpejt\u00ebsi 10-18<\/p>\n<p>Temperaturat minimale dhe maksimale t\u00eb ajrit t\u00eb h\u00ebn\u00ebn\u00a0pritet t\u00eb arrijn\u00eb:<\/p>\n<p>n\u00eb bregdet: 17 \/ 26 \u00b0C<\/p>\n<p>n\u00eb vendet e ul\u00ebta: 14 \/ 27 \u00b0C<\/p>\n<p>n\u00eb vendet malore: 10 \/ 20\u00b0C<\/p>\n<p>Era pritet t\u00eb jet\u00eb e leht\u00eb deri mesatare.<\/p>\n","protected":false},"excerpt":{"rendered":"<p>P\u00ebr jav\u00ebn q\u00eb presim p\u00ebrpara vendi yn\u00eb pritet t\u00eb p\u00ebrjetoj\u00eb nj\u00eb jav\u00eb \u201cnormale\u201d vjeshte. Kalimi i nj\u00eb fronti t\u00eb ftoht\u00eb pritet t\u00eb sjell\u00eb mot t\u00eb vran\u00ebt dhe reshje shiu p\u00ebr disa dit\u00eb nd\u00ebrsa dep\u00ebrtimi i masave ajrore t\u00eb thata dhe t\u00eb ngrohta do t\u00eb sjelli mot t\u00eb kthjell\u00ebt e p\u00ebrs\u00ebri rritje t\u00eb temperaturave. N\u00eb k\u00ebt\u00eb [&hellip;]<\/p>\n","protected":false},"author":5,"featured_media":55848,"comment_status":"closed","ping_status":"closed","sticky":false,"template":"","format":"standard","meta":{"footnotes":""},"categories":[7650,6332,29228],"tags":[33170],"class_list":{"0":"post-79035","1":"post","2":"type-post","3":"status-publish","4":"format-standard","5":"has-post-thumbnail","7":"category-moti","8":"category-te-fundit","9":"category-vendi","10":"tag-parashikimi-i-motit-per-te-gjithe-javen"},"_links":{"self":[{"href":"https:\/\/jugulajm.net\/index.php?rest_route=\/wp\/v2\/posts\/79035","targetHints":{"allow":["GET"]}}],"collection":[{"href":"https:\/\/jugulajm.net\/index.php?rest_route=\/wp\/v2\/posts"}],"about":[{"href":"https:\/\/jugulajm.net\/index.php?rest_route=\/wp\/v2\/types\/post"}],"author":[{"embeddable":true,"href":"https:\/\/jugulajm.net\/index.php?rest_route=\/wp\/v2\/users\/5"}],"replies":[{"embeddable":true,"href":"https:\/\/jugulajm.net\/index.php?rest_route=%2Fwp%2Fv2%2Fcomments&post=79035"}],"version-history":[{"count":0,"href":"https:\/\/jugulajm.net\/index.php?rest_route=\/wp\/v2\/posts\/79035\/revisions"}],"wp:featuredmedia":[{"embeddable":true,"href":"https:\/\/jugulajm.net\/index.php?rest_route=\/wp\/v2\/media\/55848"}],"wp:attachment":[{"href":"https:\/\/jugulajm.net\/index.php?rest_route=%2Fwp%2Fv2%2Fmedia&parent=79035"}],"wp:term":[{"taxonomy":"category","embeddable":true,"href":"https:\/\/jugulajm.net\/index.php?rest_route=%2Fwp%2Fv2%2Fcategories&post=79035"},{"taxonomy":"post_tag","embeddable":true,"href":"https:\/\/jugulajm.net\/index.php?rest_route=%2Fwp%2Fv2%2Ftags&post=79035"}],"curies":[{"name":"wp","href":"https:\/\/api.w.org\/{rel}","templated":true}]}}