{"id":79025,"date":"2024-09-22T19:10:22","date_gmt":"2024-09-22T17:10:22","guid":{"rendered":"https:\/\/jugulajm.net\/?p=79025"},"modified":"2024-09-22T19:13:02","modified_gmt":"2024-09-22T17:13:02","slug":"video-gruaja-jam-dhunuar-nga-ish-burri-e-ish-vjehrri-sepse","status":"publish","type":"post","link":"https:\/\/jugulajm.net\/?p=79025","title":{"rendered":"VIDEO\/ Denoncon gruaja: Jam dhunuar nga burri e vjehrri, sepse&#8230;"},"content":{"rendered":"<p>Florenca \u00ebsht\u00eb nj\u00eb n\u00ebn\u00eb q\u00eb k\u00ebrkon t\u00eb rimarr\u00eb kujdestarin\u00eb e djalit t\u00eb saj t\u00eb mitur. Ajo \u00ebsht\u00eb divorcuar 5 vite m\u00eb par\u00eb nga bashk\u00ebshorti dhe jeton me n\u00ebn\u00ebn e saj, Luljet\u00ebn q\u00eb e ka thirrur n\u00eb \u201cShihemi n\u00eb Gjyq\u201d.<\/p>\n<p>Sipas deklaratave t\u00eb Florenc\u00ebs n\u00eb rubrik\u00ebn e s\u00eb \u201cDiel\u00ebs Shqiptare\u201d n\u00eb Tv Klan, ish-burri, Ardiani pretendonte se ajo e kishte tradhtuar me djalin e tezes s\u00eb tij. Nga ana tjet\u00ebr, ish-vjehrra e akuzonte se f\u00ebmij\u00ebn e kishte pik\u00ebrisht me t\u00eb.<\/p>\n<p>Problemi i par\u00eb i Florenc\u00ebs \u00ebsht\u00eb me n\u00ebn\u00ebn sepse Luljeta i thot\u00eb se nuk mundet ta p\u00ebrkrah\u00eb m\u00eb. Duke qen\u00eb se shkas p\u00ebr njohjen e Florenc\u00ebs me ish-burrin ka qen\u00eb tezja e saj, Luljeta nuk d\u00ebshiron t\u00eb ket\u00eb\u00a0 grindje me motr\u00ebn.<\/p>\n<p><strong>Eni \u00c7obani:<\/strong>\u00a0<em>Si u njohe me k\u00ebt\u00eb djal\u00eb? Kush t\u00eb njohu me k\u00ebt\u00eb djal\u00eb?<\/em><\/p>\n<p><strong>Florenca:<\/strong>\u00a0<em>Nga momenti q\u00eb isha 17 vje\u00e7e, un\u00eb ish-burrin tim\u00a0 e kam njohur\u2026 prandaj e kam thirrur\u00a0 mamin tim k\u00ebtu sepse motra jote \u00ebsht\u00eb b\u00ebr\u00eb shkak q\u00eb m\u00eb ka njohur me at\u00eb djal\u00eb sepse burri i saj e kishte djalin e daj\u00ebs. Kjo \u00ebsht\u00eb nj\u00eb arsye m\u00eb tep\u00ebr q\u00eb ajo s\u2019duhet t\u00eb m\u00eb fuste n\u00eb at\u00eb familje, kur i njihte,\u00a0 prandaj un\u00eb sot t\u00eb kam thirrur ty k\u00ebtu.<\/em><\/p>\n<p><strong>Ardit Gjebrea:<\/strong>\u00a0<em>Pse, \u00e7far\u00eb familjeje ishte ajo?<\/em><\/p>\n<p><strong>Florenca:<\/strong>\u00a0<em>Ata ishin nj\u00eb familje q\u00eb t\u00eb keqtrajtonin, nuk t\u00eb respektonin, t\u00eb mbanin si sh\u00ebrb\u00ebtore n\u00eb at\u00eb sht\u00ebpi,\u00a0 jo si nj\u00eb nuse e sht\u00ebpis\u00eb q\u00eb ishte djal\u00eb i vet\u00ebm.<\/em><\/p>\n<p><strong>Eni \u00c7obani:<\/strong>\u00a0<em>17 vje\u00e7e.<\/em><\/p>\n<p><strong>Luljeta:<\/strong>\u00a0<em>Motra ime nuk i njihte ata.<\/em><\/p>\n<p><strong>Florenca:<\/strong>\u00a0<em>Un\u00eb jam drejtuar te\u00a0 ju znj. Eni sepse\u00a0 jam e vetme n\u00eb k\u00ebt\u00eb bot\u00eb, edhe mami im nuk m\u00eb p\u00ebrkrah, thot\u00eb \u201cjo se nuk\u00a0 zihem un\u00eb me motr\u00ebn p\u00ebr ty\u201d.<\/em><\/p>\n<p><strong>Luljeta:<\/strong>\u00a0<em>Moj \u00e7up\u00eb, \u00e7far\u00eb t\u00eb t\u00eb b\u00ebj un\u00eb ty? T\u00eb kam p\u00ebrkrahur deri tani, s\u2019t\u00eb p\u00ebrkrah m\u00eb.<\/em><\/p>\n<p><strong>Florenca:<\/strong>\u00a0\u201c<em>Nuk zihem un\u00eb me motr\u00ebn p\u00ebr ty\u201d, m\u00eb thot\u00eb. Ti duhet t\u00eb m\u00eb mb\u00ebshtes\u00ebsh mua, jo motr\u00ebn t\u00ebnde!<\/em><\/p>\n<p>Florenca pretendon se \u00ebsht\u00eb keqtrajtuar n\u00eb familjen e bashk\u00ebshortit. \u201c<em>Un\u00eb n\u00eb at\u00eb familje jam keqtrajtuar, jam dhunuar psikologjikisht dhe fizikisht<\/em>\u201d, u shpreh ajo duke shtuar se edhe e ka denoncuar ish-burrin, por m\u00eb von\u00eb e ka t\u00ebrhequr kall\u00ebzimin. Nd\u00ebr t\u00eb tjera, Florenca thot\u00eb se n\u00eb nj\u00eb periudh\u00eb kur ajo q\u00ebndroi 3 muaj e s\u00ebmur\u00eb n\u00eb shtrat, ish-burri i ka k\u00ebrkuar babait t\u00eb saj q\u00eb ta marr\u00eb n\u00eb sht\u00ebpi.<\/p>\n<p><strong>Florenca:<\/strong>\u00a0<em>Nga momenti q\u00eb jam larguar nga ajo sht\u00ebpi, kam qen\u00eb shum\u00eb keq, n\u00eb gjendje shum\u00eb t\u00eb keqe.\u00a0 Isha shum\u00eb s\u00ebmur\u00eb, gati 3 muaj nuk jam ngritur nga krevati, isha n\u00eb gjendje shum\u00eb t\u00eb keqe, m\u00eb dhimbte koka. Ish-burri im e ka marr\u00eb babin tim n\u00eb telefon, i ka th\u00ebn\u00eb \u201ceja merre vajz\u00ebn sepse un\u00eb nuk e dua m\u00eb\u201d.\u00a0 si m\u00eb do mua ai, vet\u00ebm n\u00eb momentin kur jam mir\u00eb? As nuk m\u00eb \u00e7oi n\u00eb spital, asgj\u00eb, ve\u00e7 i tha \u201ceja merre\u201d.<\/em><\/p>\n<p>P\u00ebrve\u00e7 dhun\u00ebs nga bashk\u00ebshortit, Florenca deklaron se \u00ebsht\u00eb dhunuar edhe nga ish-vjehrrit, n\u00eb sy t\u00eb djalit t\u00eb saj.<\/p>\n<p><strong>Florenca:<\/strong>\u00a0<em>Edhe prind\u00ebrit e tij m\u00eb kan\u00eb rrahur fizikisht, n\u00eb sy t\u00eb djalit tim! Ish-vjehrra dhe vjehrri im.<\/em><\/p>\n<p><strong>Eni \u00c7obani:<\/strong>\u00a0<em>T\u00eb kan\u00eb dhunuar edhe t\u00eb m\u00ebdhenjt\u00eb?<\/em><\/p>\n<p><strong>Florenca:<\/strong>\u00a0<em>Po.<\/em><\/p>\n<p><strong>Ardit Gjebrea:<\/strong>\u00a0<em>Po pse?<\/em><\/p>\n<p><strong>Florenca:<\/strong>\u00a0<em>Ka qen\u00eb nj\u00eb moment q\u00eb jemi grindur, kam pasur edhe djalin prezent, ish-burri im nuk ishte,\u00a0 ishte jasht\u00eb shtetit dhe kam b\u00ebr\u00eb konflikt me ta. Un\u00eb isha vet\u00ebm, m\u00eb kan\u00eb goditur t\u00eb dy n\u00eb t\u00eb nj\u00ebjt\u00ebn koh\u00eb. I kam denoncuar n\u00eb polici.<\/em><\/p>\n<p><strong>Ardit Gjebrea:<\/strong>\u00a0<em>Edhe ish-vjehrra,edhe ish-vjehrri, t\u00eb dy?<\/em><\/p>\n<p><strong>Florenca:<\/strong>\u00a0<em>Po.<\/em><\/p>\n<p><strong>Luljeta:<\/strong>\u00a0<em>Pse nuk na thoshe neve q\u00eb k\u00ebshtu m\u00eb trajtojn\u00eb?<\/em><\/p>\n<p><strong>Florenca:<\/strong>\u00a0<em>Un\u00eb nuk mund t\u00eb tregoja se nuk doja q\u00eb ta prishja at\u00eb familje, por vet\u00ebm sepse erdhi ai moment q\u00eb m\u00eb p\u00ebrzuri ai, ai m\u00eb hodhi mes kat\u00ebr rrug\u00ebve.<\/em><\/p>\n<p><strong>Ardit Gjebrea:<\/strong>\u00a0<em>Ju jetonit vet\u00ebm p\u00ebr nj\u00ebfar\u00eb kohe n\u00eb at\u00eb familje?<\/em><\/p>\n<p><strong>Florenca:<\/strong>\u00a0<em>Ne jetonim bashk\u00eb n\u00eb nj\u00eb sht\u00ebpi por ata thoshin \u201cju jeni t\u00eb ndar\u00eb\u201d.<\/em><\/p>\n<div class=\"socials\"><\/div>\n<div class=\"main-video\">\n<div class=\"fit-img-wrapper large video\"><iframe loading=\"lazy\" src=\"https:\/\/www.youtube.com\/embed\/hoofsSiyiIE?playsinline=1&amp;rel=0\" width=\"308\" height=\"195.25\" frameborder=\"0\" allowfullscreen=\"allowfullscreen\" data-mce-fragment=\"1\"><\/iframe><\/div>\n<\/div>\n","protected":false},"excerpt":{"rendered":"<p>Florenca \u00ebsht\u00eb nj\u00eb n\u00ebn\u00eb q\u00eb k\u00ebrkon t\u00eb rimarr\u00eb kujdestarin\u00eb e djalit t\u00eb saj t\u00eb mitur. Ajo \u00ebsht\u00eb divorcuar 5 vite m\u00eb par\u00eb nga bashk\u00ebshorti dhe jeton me n\u00ebn\u00ebn e saj, Luljet\u00ebn q\u00eb e ka thirrur n\u00eb \u201cShihemi n\u00eb Gjyq\u201d. Sipas deklaratave t\u00eb Florenc\u00ebs n\u00eb rubrik\u00ebn e s\u00eb \u201cDiel\u00ebs Shqiptare\u201d n\u00eb Tv Klan, ish-burri, Ardiani pretendonte [&hellip;]<\/p>\n","protected":false},"author":5,"featured_media":79026,"comment_status":"closed","ping_status":"closed","sticky":false,"template":"","format":"standard","meta":{"footnotes":""},"categories":[1,6332,29228],"tags":[21049,33166],"class_list":{"0":"post-79025","1":"post","2":"type-post","3":"status-publish","4":"format-standard","5":"has-post-thumbnail","7":"category-aktualitet","8":"category-te-fundit","9":"category-vendi","10":"tag-sepse","11":"tag-video-gruaja-jam-dhunuar-nga-ish-burri-e-ish-vjehrri"},"_links":{"self":[{"href":"https:\/\/jugulajm.net\/index.php?rest_route=\/wp\/v2\/posts\/79025","targetHints":{"allow":["GET"]}}],"collection":[{"href":"https:\/\/jugulajm.net\/index.php?rest_route=\/wp\/v2\/posts"}],"about":[{"href":"https:\/\/jugulajm.net\/index.php?rest_route=\/wp\/v2\/types\/post"}],"author":[{"embeddable":true,"href":"https:\/\/jugulajm.net\/index.php?rest_route=\/wp\/v2\/users\/5"}],"replies":[{"embeddable":true,"href":"https:\/\/jugulajm.net\/index.php?rest_route=%2Fwp%2Fv2%2Fcomments&post=79025"}],"version-history":[{"count":0,"href":"https:\/\/jugulajm.net\/index.php?rest_route=\/wp\/v2\/posts\/79025\/revisions"}],"wp:featuredmedia":[{"embeddable":true,"href":"https:\/\/jugulajm.net\/index.php?rest_route=\/wp\/v2\/media\/79026"}],"wp:attachment":[{"href":"https:\/\/jugulajm.net\/index.php?rest_route=%2Fwp%2Fv2%2Fmedia&parent=79025"}],"wp:term":[{"taxonomy":"category","embeddable":true,"href":"https:\/\/jugulajm.net\/index.php?rest_route=%2Fwp%2Fv2%2Fcategories&post=79025"},{"taxonomy":"post_tag","embeddable":true,"href":"https:\/\/jugulajm.net\/index.php?rest_route=%2Fwp%2Fv2%2Ftags&post=79025"}],"curies":[{"name":"wp","href":"https:\/\/api.w.org\/{rel}","templated":true}]}}