{"id":79011,"date":"2024-09-22T09:29:41","date_gmt":"2024-09-22T07:29:41","guid":{"rendered":"https:\/\/jugulajm.net\/?p=79011"},"modified":"2024-09-22T09:29:41","modified_gmt":"2024-09-22T07:29:41","slug":"emrat-itali-qellohen-me-arme-2-shqiptare-ishin-me-audi-q5-kur","status":"publish","type":"post","link":"https:\/\/jugulajm.net\/?p=79011","title":{"rendered":"EMRAT\/ Itali, q\u00ebllohen me arm\u00eb 2 shqiptar\u00eb, ishin me \u201cAudi Q5\u201d kur&#8230;"},"content":{"rendered":"<p>Dy shqiptar\u00eb n\u00eb Itali kan\u00eb r\u00ebn\u00eb pre e nj\u00eb atentati t\u00eb armatosur mbr\u00ebmjen e 21 Shtatorit n\u00eb zon\u00ebn e Turate.<\/p>\n<p><a href=\"https:\/\/www.ilgiorno.it\/como\/cronaca\/como-agguato-a-colpi-di-pistola-a-turate-due-quarantenni-in-fin-di-vita-tkrm7pku?live\"><strong>Mediat italiane<\/strong>\u00a0<\/a>raportojn\u00eb se dy shqiptar\u00ebt, e identifikuar si Indrit Lleshaj, 44 vje\u00e7 dhe Artan Lazar, 42 vje\u00e7, kan\u00eb mbetur t\u00eb plagosur n\u00eb gjendje t\u00eb r\u00ebnd\u00eb.<\/p>\n<p>Shtypi raporton se t\u00eb dy t\u00eb plagosurit udh\u00ebtonin me nj\u00eb makin\u00eb \u201cAudi Q5\u201d kur iu b\u00eb prit\u00eb nga nj\u00eb makin\u00eb tjet\u00ebr.<\/p>\n<p>Menj\u00ebher\u00eb aty mb\u00ebrriti nj\u00eb motor me dy persona t\u00eb maskuar, t\u00eb cil\u00ebt nis\u00ebn t\u00eb godisnin xhamin e p\u00ebrparm\u00eb t\u00eb mjetit p\u00ebr ta thyer.<\/p>\n<p>Sapo dy shqiptar\u00ebt nis\u00ebn t\u00eb zbrisnin nga makina, ata u q\u00eblluan me arm\u00eb, duke marr\u00eb plag\u00eb n\u00eb gjoks dhe n\u00eb qaf\u00eb. Autor\u00ebt, t\u00eb paidentifikuar deri tani, u larguan me shpejt\u00ebsi nga vendngjarja.<\/p>\n<p>Shqiptar\u00ebt e plagosur u d\u00ebrguan n\u00eb spital dhe ju n\u00ebnshtruan operacionit.<\/p>\n<p>Gjendja e tyre konsiderohet e r\u00ebnd\u00eb, ve\u00e7an\u00ebrisht e nj\u00ebrit prej tyre. Or\u00ebt n\u00eb vijim do t\u00eb jen\u00eb vendimtare.<\/p>\n<p>Sipas mediave italiane, dy shqiptar\u00ebt jan\u00eb emra t\u00eb njohur p\u00ebr policin\u00eb vendase dhe t\u00eb papun\u00eb.<\/p>\n","protected":false},"excerpt":{"rendered":"<p>Dy shqiptar\u00eb n\u00eb Itali kan\u00eb r\u00ebn\u00eb pre e nj\u00eb atentati t\u00eb armatosur mbr\u00ebmjen e 21 Shtatorit n\u00eb zon\u00ebn e Turate. Mediat italiane\u00a0raportojn\u00eb se dy shqiptar\u00ebt, e identifikuar si Indrit Lleshaj, 44 vje\u00e7 dhe Artan Lazar, 42 vje\u00e7, kan\u00eb mbetur t\u00eb plagosur n\u00eb gjendje t\u00eb r\u00ebnd\u00eb. Shtypi raporton se t\u00eb dy t\u00eb plagosurit udh\u00ebtonin me nj\u00eb [&hellip;]<\/p>\n","protected":false},"author":5,"featured_media":60126,"comment_status":"closed","ping_status":"closed","sticky":false,"template":"","format":"standard","meta":{"footnotes":""},"categories":[1,7664,6332],"tags":[23570,33160,33159],"class_list":{"0":"post-79011","1":"post","2":"type-post","3":"status-publish","4":"format-standard","5":"has-post-thumbnail","7":"category-aktualitet","8":"category-bota","9":"category-te-fundit","10":"tag-emrat-itali","11":"tag-ishin-me-audi-q5-kur","12":"tag-qellohen-me-arme-2-shqiptare"},"_links":{"self":[{"href":"https:\/\/jugulajm.net\/index.php?rest_route=\/wp\/v2\/posts\/79011","targetHints":{"allow":["GET"]}}],"collection":[{"href":"https:\/\/jugulajm.net\/index.php?rest_route=\/wp\/v2\/posts"}],"about":[{"href":"https:\/\/jugulajm.net\/index.php?rest_route=\/wp\/v2\/types\/post"}],"author":[{"embeddable":true,"href":"https:\/\/jugulajm.net\/index.php?rest_route=\/wp\/v2\/users\/5"}],"replies":[{"embeddable":true,"href":"https:\/\/jugulajm.net\/index.php?rest_route=%2Fwp%2Fv2%2Fcomments&post=79011"}],"version-history":[{"count":0,"href":"https:\/\/jugulajm.net\/index.php?rest_route=\/wp\/v2\/posts\/79011\/revisions"}],"wp:featuredmedia":[{"embeddable":true,"href":"https:\/\/jugulajm.net\/index.php?rest_route=\/wp\/v2\/media\/60126"}],"wp:attachment":[{"href":"https:\/\/jugulajm.net\/index.php?rest_route=%2Fwp%2Fv2%2Fmedia&parent=79011"}],"wp:term":[{"taxonomy":"category","embeddable":true,"href":"https:\/\/jugulajm.net\/index.php?rest_route=%2Fwp%2Fv2%2Fcategories&post=79011"},{"taxonomy":"post_tag","embeddable":true,"href":"https:\/\/jugulajm.net\/index.php?rest_route=%2Fwp%2Fv2%2Ftags&post=79011"}],"curies":[{"name":"wp","href":"https:\/\/api.w.org\/{rel}","templated":true}]}}