{"id":79009,"date":"2024-09-22T08:48:25","date_gmt":"2024-09-22T06:48:25","guid":{"rendered":"https:\/\/jugulajm.net\/?p=79009"},"modified":"2024-09-22T08:48:25","modified_gmt":"2024-09-22T06:48:25","slug":"benz-i-merr-flake-ne-ecje-ja-dyshimet","status":"publish","type":"post","link":"https:\/\/jugulajm.net\/?p=79009","title":{"rendered":"&#8221;Benz-i&#8221; merr flak\u00eb n\u00eb ecje, ja dyshimet&#8230;"},"content":{"rendered":"<div class=\"firstP\">\n<p>Nj\u00eb automjet tip \u201cMercedes Benz\u201d ka marr\u00eb flak\u00eb n\u00eb ecje dhe \u00ebsht\u00eb djegur plot\u00ebsisht n\u00eb Lungomare, gjat\u00eb or\u00ebve t\u00eb nat\u00ebs.<\/p>\n<div class=\"clearfix\">Nga p\u00ebrfshirja e automjetit n\u00eb flak\u00eb nuk ka persona t\u00eb l\u00ebnduar.<\/div>\n<div class=\"clearfix\">Dyshohet se automjeti ka marr\u00eb flak\u00eb si pasoj\u00eb e nj\u00eb shk\u00ebndije elektrike.<\/div>\n<div><\/div>\n<\/div>\n<p>Zjarrfik\u00ebsit kan\u00eb mb\u00ebrritur duke b\u00ebr\u00eb t\u00eb mundur shuarjen e flak\u00ebve.<\/p>\n<p>Grupi hetimor po punon p\u00ebr zbardhjen e plot\u00eb t\u00eb rrethanave t\u00eb ngjarjes.<\/p>\n","protected":false},"excerpt":{"rendered":"<p>Nj\u00eb automjet tip \u201cMercedes Benz\u201d ka marr\u00eb flak\u00eb n\u00eb ecje dhe \u00ebsht\u00eb djegur plot\u00ebsisht n\u00eb Lungomare, gjat\u00eb or\u00ebve t\u00eb nat\u00ebs. Nga p\u00ebrfshirja e automjetit n\u00eb flak\u00eb nuk ka persona t\u00eb l\u00ebnduar. Dyshohet se automjeti ka marr\u00eb flak\u00eb si pasoj\u00eb e nj\u00eb shk\u00ebndije elektrike. Zjarrfik\u00ebsit kan\u00eb mb\u00ebrritur duke b\u00ebr\u00eb t\u00eb mundur shuarjen e flak\u00ebve. Grupi hetimor [&hellip;]<\/p>\n","protected":false},"author":5,"featured_media":49306,"comment_status":"closed","ping_status":"closed","sticky":false,"template":"","format":"standard","meta":{"footnotes":""},"categories":[1,6332,29228],"tags":[33010,20344],"class_list":{"0":"post-79009","1":"post","2":"type-post","3":"status-publish","4":"format-standard","5":"has-post-thumbnail","7":"category-aktualitet","8":"category-te-fundit","9":"category-vendi","10":"tag-benz-i-merr-flake-ne-ecje","11":"tag-ja-dyshimet"},"_links":{"self":[{"href":"https:\/\/jugulajm.net\/index.php?rest_route=\/wp\/v2\/posts\/79009","targetHints":{"allow":["GET"]}}],"collection":[{"href":"https:\/\/jugulajm.net\/index.php?rest_route=\/wp\/v2\/posts"}],"about":[{"href":"https:\/\/jugulajm.net\/index.php?rest_route=\/wp\/v2\/types\/post"}],"author":[{"embeddable":true,"href":"https:\/\/jugulajm.net\/index.php?rest_route=\/wp\/v2\/users\/5"}],"replies":[{"embeddable":true,"href":"https:\/\/jugulajm.net\/index.php?rest_route=%2Fwp%2Fv2%2Fcomments&post=79009"}],"version-history":[{"count":0,"href":"https:\/\/jugulajm.net\/index.php?rest_route=\/wp\/v2\/posts\/79009\/revisions"}],"wp:featuredmedia":[{"embeddable":true,"href":"https:\/\/jugulajm.net\/index.php?rest_route=\/wp\/v2\/media\/49306"}],"wp:attachment":[{"href":"https:\/\/jugulajm.net\/index.php?rest_route=%2Fwp%2Fv2%2Fmedia&parent=79009"}],"wp:term":[{"taxonomy":"category","embeddable":true,"href":"https:\/\/jugulajm.net\/index.php?rest_route=%2Fwp%2Fv2%2Fcategories&post=79009"},{"taxonomy":"post_tag","embeddable":true,"href":"https:\/\/jugulajm.net\/index.php?rest_route=%2Fwp%2Fv2%2Ftags&post=79009"}],"curies":[{"name":"wp","href":"https:\/\/api.w.org\/{rel}","templated":true}]}}