{"id":79004,"date":"2024-09-21T21:37:32","date_gmt":"2024-09-21T19:37:32","guid":{"rendered":"https:\/\/jugulajm.net\/?p=79004"},"modified":"2024-09-21T21:37:32","modified_gmt":"2024-09-21T19:37:32","slug":"22-vjecari-me-mitsubishi-perplas-femijen-e-mitur","status":"publish","type":"post","link":"https:\/\/jugulajm.net\/?p=79004","title":{"rendered":"22-vje\u00e7ari me &#8220;Mitsubishi&#8221; p\u00ebrplas f\u00ebmij\u00ebn e mitur"},"content":{"rendered":"<p>Nj\u00eb f\u00ebmij\u00eb 8-vje\u00e7ar mbeti i plagosur mbr\u00ebmjen e k\u00ebsaj t\u00eb shtune n\u00eb Maliq, pasi u p\u00ebrplas nga nj\u00eb makin\u00eb.<\/p>\n<p>Ngjarja ndodhi rreth or\u00ebs 20:20, n\u00eb fshatit Vreshtas.<\/p>\n<p>Sipas policis\u00eb, n\u00eb timonin e makin\u00ebs q\u00eb p\u00ebrplasi t\u00eb miturin ishte nj\u00eb 22-vje\u00e7ar i cili u shoq\u00ebrua n\u00eb komisariat.<\/p>\n<p>Sa i takon 8-vje\u00e7arit, ai u d\u00ebrgua n\u00eb spitalin e Pogradecit dhe ndodhet n\u00ebn kujdesin e mjek\u00ebve.<\/p>\n<p>\u201cRreth or\u00ebs 20:20, n\u00eb\u00a0 fshatit Vreshtas, Maliq, automjeti tip \u201cMitsubishi\u201d, me drejtues shtetasin J. G., 22 vje\u00e7, ka p\u00ebrplasur nj\u00eb t\u00eb mitur, 8 vje\u00e7, i cili \u00ebsht\u00eb transportuar n\u00eb spitalin e Pogradecit p\u00ebr ndihm\u00eb mjek\u00ebsore.<\/p>\n<p>Drejtuesi i automjetit \u00ebsht\u00eb shoq\u00ebruar n\u00eb Komisariatin e Policis\u00eb\u00a0 p\u00ebr veprimeve t\u00eb m\u00ebtejshme procedurale.<\/p>\n<p>Nd\u00ebrkoh\u00eb grupi hetimor vijon pun\u00ebn p\u00ebr t\u00eb p\u00ebrcaktuar shkakun e aksidentit\u201d, njoftoi policia e Maliqit.<\/p>\n","protected":false},"excerpt":{"rendered":"<p>Nj\u00eb f\u00ebmij\u00eb 8-vje\u00e7ar mbeti i plagosur mbr\u00ebmjen e k\u00ebsaj t\u00eb shtune n\u00eb Maliq, pasi u p\u00ebrplas nga nj\u00eb makin\u00eb. Ngjarja ndodhi rreth or\u00ebs 20:20, n\u00eb fshatit Vreshtas. Sipas policis\u00eb, n\u00eb timonin e makin\u00ebs q\u00eb p\u00ebrplasi t\u00eb miturin ishte nj\u00eb 22-vje\u00e7ar i cili u shoq\u00ebrua n\u00eb komisariat. Sa i takon 8-vje\u00e7arit, ai u d\u00ebrgua n\u00eb spitalin [&hellip;]<\/p>\n","protected":false},"author":5,"featured_media":71801,"comment_status":"closed","ping_status":"closed","sticky":false,"template":"","format":"standard","meta":{"footnotes":""},"categories":[1,6332,29228],"tags":[33157],"class_list":{"0":"post-79004","1":"post","2":"type-post","3":"status-publish","4":"format-standard","5":"has-post-thumbnail","7":"category-aktualitet","8":"category-te-fundit","9":"category-vendi","10":"tag-22-vjecari-me-mitsubishi-perplas-femijen-e-mitur"},"_links":{"self":[{"href":"https:\/\/jugulajm.net\/index.php?rest_route=\/wp\/v2\/posts\/79004","targetHints":{"allow":["GET"]}}],"collection":[{"href":"https:\/\/jugulajm.net\/index.php?rest_route=\/wp\/v2\/posts"}],"about":[{"href":"https:\/\/jugulajm.net\/index.php?rest_route=\/wp\/v2\/types\/post"}],"author":[{"embeddable":true,"href":"https:\/\/jugulajm.net\/index.php?rest_route=\/wp\/v2\/users\/5"}],"replies":[{"embeddable":true,"href":"https:\/\/jugulajm.net\/index.php?rest_route=%2Fwp%2Fv2%2Fcomments&post=79004"}],"version-history":[{"count":0,"href":"https:\/\/jugulajm.net\/index.php?rest_route=\/wp\/v2\/posts\/79004\/revisions"}],"wp:featuredmedia":[{"embeddable":true,"href":"https:\/\/jugulajm.net\/index.php?rest_route=\/wp\/v2\/media\/71801"}],"wp:attachment":[{"href":"https:\/\/jugulajm.net\/index.php?rest_route=%2Fwp%2Fv2%2Fmedia&parent=79004"}],"wp:term":[{"taxonomy":"category","embeddable":true,"href":"https:\/\/jugulajm.net\/index.php?rest_route=%2Fwp%2Fv2%2Fcategories&post=79004"},{"taxonomy":"post_tag","embeddable":true,"href":"https:\/\/jugulajm.net\/index.php?rest_route=%2Fwp%2Fv2%2Ftags&post=79004"}],"curies":[{"name":"wp","href":"https:\/\/api.w.org\/{rel}","templated":true}]}}