{"id":78996,"date":"2024-09-21T18:39:53","date_gmt":"2024-09-21T16:39:53","guid":{"rendered":"https:\/\/jugulajm.net\/?p=78996"},"modified":"2024-09-21T18:39:53","modified_gmt":"2024-09-21T16:39:53","slug":"familja-me-5-anetare-mbetet-ne-qiell-te-hapur-pas-zjarrit-ishim-duke-ngrene-buke-kur","status":"publish","type":"post","link":"https:\/\/jugulajm.net\/?p=78996","title":{"rendered":"Familja me 5 an\u00ebtar\u00eb mbetet n\u00eb qiell t\u00eb hapur pas zjarrit: Ishim duke ngr\u00ebn\u00eb buk\u00eb kur&#8230;"},"content":{"rendered":"<p>Nj\u00eb banes\u00eb u p\u00ebrfshi nga flak\u00ebt pasditen e t\u00eb shtun\u00ebs n\u00eb fshatin Mesul t\u00eb Puk\u00ebs.<\/p>\n<p>Banesa e shtetasit Ardian Keci i cili ndodhej p\u00ebr kurim n\u00eb QSUT, \u00ebsht\u00eb djegur n\u00eb pak minuta, pas r\u00ebnies s\u00eb zjarrit.<\/p>\n<p>Familjar\u00ebt jan\u00eb gjetur n\u00eb m\u00ebnyr\u00eb t\u00eb beft\u00eb para zjarrit dhe tymit t\u00eb pamundur p\u00ebr t\u00eb b\u00ebr\u00eb di\u00e7ka.<\/p>\n<p>\u201c<em>Ishim duke ngr\u00ebn\u00eb buk\u00eb dhe kemi par\u00eb zjarrin n\u00eb tavan q\u00eb kishte r\u00ebn\u00eb, nuk e dim\u00eb nga erdhi.<\/em><\/p>\n<p><em>I kam marr\u00eb mamin, n\u00ebn\u00eb daj\u00ebn dhe i kam nxjerr\u00eb jasht\u00eb. Na jan\u00eb djegur televizori, dushi, raftet, kolltuqet, frigoriferi, lavatri\u00e7ja<\/em>\u201d, thot\u00eb Geraldo Keci, djali i familjes.<\/p>\n<p>Sh\u00ebrbimi zjarrfik\u00ebs e kishte t\u00eb pamundur nd\u00ebrhyrjen p\u00ebr shkak t\u00eb munges\u00ebs s\u00eb rrug\u00ebs automobilistike.<\/p>\n<p>Pran\u00eb banes\u00ebs s\u00eb p\u00ebrfshir\u00eb nga flak\u00ebt mb\u00ebrrit\u00ebn edhe p\u00ebrfaq\u00ebsues t\u00eb Bashkis\u00eb s\u00eb Puk\u00ebs t\u00eb cil\u00ebt nd\u00ebr t\u00eb tjera apeluan p\u00ebr ndihm\u00eb ndaj familjes.<\/p>\n<p>\u201c<em>D\u00ebmet jan\u00eb t\u00eb konsiderueshme. E gjith\u00eb banesa \u00ebsht\u00eb jasht\u00eb funksionit pasi \u00ebsht\u00eb e d\u00ebmtuar totalisht nga zjarri me t\u00eb gjitha orendit\u00eb dhe pajisjet brenda.<\/em><\/p>\n<p><em>Fatmir\u00ebsisht nuk kemi d\u00ebme n\u00eb njer\u00ebz dhe kjo \u00ebsht\u00eb fat, p\u00ebr pjes\u00ebn tjet\u00ebr na duhet i gjith\u00eb angazhimi i strukturave vendore, i shtetit, drejtorive p\u00ebrkat\u00ebse p\u00ebr t\u2019i ardhur n\u00eb ndihm\u00eb k\u00ebsaj familje.<\/em><\/p>\n<p><em>Po ashtu i apeloj biznesit pukjan dhe kush ka mund\u00ebsi ta ndihmoj\u00eb n\u00eb m\u00ebnyr\u00eb q\u00eb kjo familje ta kaloj\u00eb sa m\u00eb shpejt k\u00ebt\u00eb situat\u00eb<\/em>\u201c, u\u00a0shpreh Ferit Ringaj, n\u00ebnkryetar i Bashkis\u00eb s\u00eb Puk\u00ebs.<\/p>\n<p>Shkak p\u00ebr flak\u00ebt mendohet t\u00eb jet\u00eb b\u00ebr\u00eb nj\u00eb shk\u00ebndij\u00eb elektrike.<\/p>\n<p>Nga pasuria e familjes Keci n\u00eb fshatin e thell\u00eb nuk ka mbetur asgj\u00eb, nd\u00ebrkoh\u00eb q\u00eb familja 5 an\u00ebtar\u00ebshe mbetet n\u00eb qiell t\u00eb hapur pa shpres\u00eb p\u00ebr nj\u00eb zgjidhje t\u00eb shpejt\u00eb.<\/p>\n","protected":false},"excerpt":{"rendered":"<p>Nj\u00eb banes\u00eb u p\u00ebrfshi nga flak\u00ebt pasditen e t\u00eb shtun\u00ebs n\u00eb fshatin Mesul t\u00eb Puk\u00ebs. Banesa e shtetasit Ardian Keci i cili ndodhej p\u00ebr kurim n\u00eb QSUT, \u00ebsht\u00eb djegur n\u00eb pak minuta, pas r\u00ebnies s\u00eb zjarrit. Familjar\u00ebt jan\u00eb gjetur n\u00eb m\u00ebnyr\u00eb t\u00eb beft\u00eb para zjarrit dhe tymit t\u00eb pamundur p\u00ebr t\u00eb b\u00ebr\u00eb di\u00e7ka. \u201cIshim duke [&hellip;]<\/p>\n","protected":false},"author":5,"featured_media":56138,"comment_status":"closed","ping_status":"closed","sticky":false,"template":"","format":"standard","meta":{"footnotes":""},"categories":[1,6332,29228],"tags":[33153],"class_list":{"0":"post-78996","1":"post","2":"type-post","3":"status-publish","4":"format-standard","5":"has-post-thumbnail","7":"category-aktualitet","8":"category-te-fundit","9":"category-vendi","10":"tag-familja-me-5-anetare-mbetet-ne-qiell-te-hapur-pas-zjarrit-ishim-duke-ngrene-buke-kur"},"_links":{"self":[{"href":"https:\/\/jugulajm.net\/index.php?rest_route=\/wp\/v2\/posts\/78996","targetHints":{"allow":["GET"]}}],"collection":[{"href":"https:\/\/jugulajm.net\/index.php?rest_route=\/wp\/v2\/posts"}],"about":[{"href":"https:\/\/jugulajm.net\/index.php?rest_route=\/wp\/v2\/types\/post"}],"author":[{"embeddable":true,"href":"https:\/\/jugulajm.net\/index.php?rest_route=\/wp\/v2\/users\/5"}],"replies":[{"embeddable":true,"href":"https:\/\/jugulajm.net\/index.php?rest_route=%2Fwp%2Fv2%2Fcomments&post=78996"}],"version-history":[{"count":0,"href":"https:\/\/jugulajm.net\/index.php?rest_route=\/wp\/v2\/posts\/78996\/revisions"}],"wp:featuredmedia":[{"embeddable":true,"href":"https:\/\/jugulajm.net\/index.php?rest_route=\/wp\/v2\/media\/56138"}],"wp:attachment":[{"href":"https:\/\/jugulajm.net\/index.php?rest_route=%2Fwp%2Fv2%2Fmedia&parent=78996"}],"wp:term":[{"taxonomy":"category","embeddable":true,"href":"https:\/\/jugulajm.net\/index.php?rest_route=%2Fwp%2Fv2%2Fcategories&post=78996"},{"taxonomy":"post_tag","embeddable":true,"href":"https:\/\/jugulajm.net\/index.php?rest_route=%2Fwp%2Fv2%2Ftags&post=78996"}],"curies":[{"name":"wp","href":"https:\/\/api.w.org\/{rel}","templated":true}]}}