{"id":78976,"date":"2024-09-20T20:48:54","date_gmt":"2024-09-20T18:48:54","guid":{"rendered":"https:\/\/jugulajm.net\/?p=78976"},"modified":"2024-09-20T20:49:37","modified_gmt":"2024-09-20T18:49:37","slug":"40-vjecari-gjendet-i-pajete-ne-banesen-e-tij-ja-dyshimet","status":"publish","type":"post","link":"https:\/\/jugulajm.net\/?p=78976","title":{"rendered":"40-vje\u00e7ari gjendet i pajet\u00eb n\u00eb banes\u00ebn e tij, ja dyshimet&#8230;"},"content":{"rendered":"<p>Nj\u00eb person n\u00eb mosh\u00ebn 40 vje\u00e7 u gjet i vdekur n\u00eb qytetin e Durr\u00ebsit.<\/p>\n<p>Rreth or\u00ebs 19:30, Urgjenca e Spitalit t\u00eb Durr\u00ebsit nhoftouse n\u00eb lagjen nr. 8 Durr\u00ebs, n\u00eb banes\u00ebn e tij, \u00ebsht\u00eb gjetur i pajet\u00eb shtetasi A. V., 40 vje\u00e7.<\/p>\n<p>Nga k\u00ebqyrja paraprake e trupit t\u00eb 40 vje\u00e7arit nuk jan\u00eb konstatuar shenja dhune dhe paraprakisht dyshohet se ka nd\u00ebrruar jet\u00eb p\u00ebr shkaqe natyrale.<\/p>\n<p>Grupi hetimor n\u00ebn drejtimin e Prokuroris\u00eb po punon p\u00ebr p\u00ebrcaktimin e sakt\u00eb t\u00eb shkakut t\u00eb humbjes s\u00eb jet\u00ebs s\u00eb 40 vje\u00e7arit.<\/p>\n","protected":false},"excerpt":{"rendered":"<p>Nj\u00eb person n\u00eb mosh\u00ebn 40 vje\u00e7 u gjet i vdekur n\u00eb qytetin e Durr\u00ebsit. Rreth or\u00ebs 19:30, Urgjenca e Spitalit t\u00eb Durr\u00ebsit nhoftouse n\u00eb lagjen nr. 8 Durr\u00ebs, n\u00eb banes\u00ebn e tij, \u00ebsht\u00eb gjetur i pajet\u00eb shtetasi A. V., 40 vje\u00e7. Nga k\u00ebqyrja paraprake e trupit t\u00eb 40 vje\u00e7arit nuk jan\u00eb konstatuar shenja dhune dhe [&hellip;]<\/p>\n","protected":false},"author":5,"featured_media":71801,"comment_status":"closed","ping_status":"closed","sticky":false,"template":"","format":"standard","meta":{"footnotes":""},"categories":[1,6332,29228],"tags":[33145,20344],"class_list":{"0":"post-78976","1":"post","2":"type-post","3":"status-publish","4":"format-standard","5":"has-post-thumbnail","7":"category-aktualitet","8":"category-te-fundit","9":"category-vendi","10":"tag-40-vjecari-gjendet-i-pajete-ne-banesen-e-tij","11":"tag-ja-dyshimet"},"_links":{"self":[{"href":"https:\/\/jugulajm.net\/index.php?rest_route=\/wp\/v2\/posts\/78976","targetHints":{"allow":["GET"]}}],"collection":[{"href":"https:\/\/jugulajm.net\/index.php?rest_route=\/wp\/v2\/posts"}],"about":[{"href":"https:\/\/jugulajm.net\/index.php?rest_route=\/wp\/v2\/types\/post"}],"author":[{"embeddable":true,"href":"https:\/\/jugulajm.net\/index.php?rest_route=\/wp\/v2\/users\/5"}],"replies":[{"embeddable":true,"href":"https:\/\/jugulajm.net\/index.php?rest_route=%2Fwp%2Fv2%2Fcomments&post=78976"}],"version-history":[{"count":0,"href":"https:\/\/jugulajm.net\/index.php?rest_route=\/wp\/v2\/posts\/78976\/revisions"}],"wp:featuredmedia":[{"embeddable":true,"href":"https:\/\/jugulajm.net\/index.php?rest_route=\/wp\/v2\/media\/71801"}],"wp:attachment":[{"href":"https:\/\/jugulajm.net\/index.php?rest_route=%2Fwp%2Fv2%2Fmedia&parent=78976"}],"wp:term":[{"taxonomy":"category","embeddable":true,"href":"https:\/\/jugulajm.net\/index.php?rest_route=%2Fwp%2Fv2%2Fcategories&post=78976"},{"taxonomy":"post_tag","embeddable":true,"href":"https:\/\/jugulajm.net\/index.php?rest_route=%2Fwp%2Fv2%2Ftags&post=78976"}],"curies":[{"name":"wp","href":"https:\/\/api.w.org\/{rel}","templated":true}]}}