{"id":78930,"date":"2024-09-19T15:19:10","date_gmt":"2024-09-19T13:19:10","guid":{"rendered":"https:\/\/jugulajm.net\/?p=78930"},"modified":"2024-09-19T15:19:10","modified_gmt":"2024-09-19T13:19:10","slug":"aksident-me-4-te-plagosur-ne-aksin-krahes-memaliaj-kamioni-perplas-volkswagen-in","status":"publish","type":"post","link":"https:\/\/jugulajm.net\/?p=78930","title":{"rendered":"Aksident me 4 t\u00eb plagosur n\u00eb aksin \u201cKrah\u00ebs-Memaliaj\u201d, kamioni p\u00ebrplas &#8220;Volkswagen-in&#8221;"},"content":{"rendered":"<p>Informacion paraprak<\/p>\n<p>Sot, rreth or\u00ebs 13:30, n\u00eb aksin rrugor \u201cKrah\u00ebs-Memaliaj\u201d, automjeti kamion me drejtues shtetasin Gj. N. \u00ebsht\u00eb p\u00ebrplasur me automjetin tip &#8220;Volkswagen&#8221;, me drejtues shtetasin polak K. K., 25 vje\u00e7. Si pasoj\u00eb jan\u00eb d\u00ebmtuar 4 pasagjer\u00eb t\u00eb automjetit tip &#8220;Volkswagen&#8221;, t\u00eb cil\u00ebt jan\u00eb jasht\u00eb rrezikut p\u00ebr jet\u00ebn.<\/p>\n<p>Grupi hetimor po punon p\u00ebr sqarimin e plot\u00eb rrethanave t\u00eb aksidentit.<\/p>\n","protected":false},"excerpt":{"rendered":"<p>Informacion paraprak Sot, rreth or\u00ebs 13:30, n\u00eb aksin rrugor \u201cKrah\u00ebs-Memaliaj\u201d, automjeti kamion me drejtues shtetasin Gj. N. \u00ebsht\u00eb p\u00ebrplasur me automjetin tip &#8220;Volkswagen&#8221;, me drejtues shtetasin polak K. K., 25 vje\u00e7. Si pasoj\u00eb jan\u00eb d\u00ebmtuar 4 pasagjer\u00eb t\u00eb automjetit tip &#8220;Volkswagen&#8221;, t\u00eb cil\u00ebt jan\u00eb jasht\u00eb rrezikut p\u00ebr jet\u00ebn. Grupi hetimor po punon p\u00ebr sqarimin e [&hellip;]<\/p>\n","protected":false},"author":5,"featured_media":58064,"comment_status":"closed","ping_status":"closed","sticky":false,"template":"","format":"standard","meta":{"footnotes":""},"categories":[1,6332,29228],"tags":[33118,33119],"class_list":{"0":"post-78930","1":"post","2":"type-post","3":"status-publish","4":"format-standard","5":"has-post-thumbnail","7":"category-aktualitet","8":"category-te-fundit","9":"category-vendi","10":"tag-aksident-me-4-te-plagosur-ne-aksin-krahes-memaliaj","11":"tag-kamioni-perplas-volkswagen-in"},"_links":{"self":[{"href":"https:\/\/jugulajm.net\/index.php?rest_route=\/wp\/v2\/posts\/78930","targetHints":{"allow":["GET"]}}],"collection":[{"href":"https:\/\/jugulajm.net\/index.php?rest_route=\/wp\/v2\/posts"}],"about":[{"href":"https:\/\/jugulajm.net\/index.php?rest_route=\/wp\/v2\/types\/post"}],"author":[{"embeddable":true,"href":"https:\/\/jugulajm.net\/index.php?rest_route=\/wp\/v2\/users\/5"}],"replies":[{"embeddable":true,"href":"https:\/\/jugulajm.net\/index.php?rest_route=%2Fwp%2Fv2%2Fcomments&post=78930"}],"version-history":[{"count":0,"href":"https:\/\/jugulajm.net\/index.php?rest_route=\/wp\/v2\/posts\/78930\/revisions"}],"wp:featuredmedia":[{"embeddable":true,"href":"https:\/\/jugulajm.net\/index.php?rest_route=\/wp\/v2\/media\/58064"}],"wp:attachment":[{"href":"https:\/\/jugulajm.net\/index.php?rest_route=%2Fwp%2Fv2%2Fmedia&parent=78930"}],"wp:term":[{"taxonomy":"category","embeddable":true,"href":"https:\/\/jugulajm.net\/index.php?rest_route=%2Fwp%2Fv2%2Fcategories&post=78930"},{"taxonomy":"post_tag","embeddable":true,"href":"https:\/\/jugulajm.net\/index.php?rest_route=%2Fwp%2Fv2%2Ftags&post=78930"}],"curies":[{"name":"wp","href":"https:\/\/api.w.org\/{rel}","templated":true}]}}