{"id":78924,"date":"2024-09-19T11:46:03","date_gmt":"2024-09-19T09:46:03","guid":{"rendered":"https:\/\/jugulajm.net\/?p=78924"},"modified":"2024-09-19T11:48:43","modified_gmt":"2024-09-19T09:48:43","slug":"gjykata-i-jep-mandatin-e-kryebashkiakut-tavos-pritet-betimi-ne-keshillin-bashkiak","status":"publish","type":"post","link":"https:\/\/jugulajm.net\/?p=78924","title":{"rendered":"Gjykata i jep Tavos mandatin e kryebashkiakut, pritet betimi n\u00eb K\u00ebshillin Bashkiak"},"content":{"rendered":"<p>Gjykata e Vlor\u00ebs i ka dh\u00ebn\u00eb Vangjel Tavos mandatin si kryetar i Bashkis\u00eb s\u00eb Himar\u00ebs.<\/p>\n<p>Vendimi \u00ebsht\u00eb marr\u00eb m\u00eb 18 shtator, nga gjyqtari Artan \u00c7irraga.<\/p>\n<p>Pasi \u00ebsht\u00eb njohur me dokumentacionin p\u00ebrkat\u00ebs, Gjykata e Vlor\u00ebs e ka vler\u00ebsuar t\u00eb ligjsh\u00ebm dhe m\u00eb pas i ka dh\u00ebn\u00eb mandatin p\u00ebr drejtimin e bashkis\u00eb s\u00eb Himar\u00ebs.<\/p>\n<p>Tavo tashm\u00eb pritet t\u00eb betohet n\u00eb K\u00ebshillin Bashkiak p\u00ebr t\u00eb marr\u00eb detyr\u00ebn, pasi mandati u konfirmua edhe nga KQZ m\u00eb 12 shtator.<\/p>\n<p>Si KAS ashtu edhe Kolegji Zgjedhor, certifikuan zgjedhjet n\u00eb Himar\u00eb, duke vler\u00ebsuar se rezultati \u00ebsht\u00eb i pakontestuesh\u00ebm, pasi nuk \u00ebsht\u00eb konstatuar asnj\u00eb shkelje q\u00eb do t\u00eb ndryshonte rezultatin zgjedhor.<\/p>\n<p>Zgjedhjet n\u00eb Himar\u00eb u p\u00ebrs\u00ebrit\u00ebn m\u00eb 4 gusht, pasi mandati i Belerit u shpall pavlefsh\u00ebm p\u00ebr shkak t\u00eb d\u00ebnimit nga Apeli i GJKKO me 2 vite burg p\u00ebr blerje votash. Tavo, Kandidati i socialist\u00ebve fitoi me nj\u00eb diferenc\u00eb prej 1477 votash kundrejt rivalit opozitar Petro Gjikuria.<\/p>\n","protected":false},"excerpt":{"rendered":"<p>Gjykata e Vlor\u00ebs i ka dh\u00ebn\u00eb Vangjel Tavos mandatin si kryetar i Bashkis\u00eb s\u00eb Himar\u00ebs. Vendimi \u00ebsht\u00eb marr\u00eb m\u00eb 18 shtator, nga gjyqtari Artan \u00c7irraga. Pasi \u00ebsht\u00eb njohur me dokumentacionin p\u00ebrkat\u00ebs, Gjykata e Vlor\u00ebs e ka vler\u00ebsuar t\u00eb ligjsh\u00ebm dhe m\u00eb pas i ka dh\u00ebn\u00eb mandatin p\u00ebr drejtimin e bashkis\u00eb s\u00eb Himar\u00ebs. Tavo tashm\u00eb pritet [&hellip;]<\/p>\n","protected":false},"author":5,"featured_media":76511,"comment_status":"closed","ping_status":"closed","sticky":false,"template":"","format":"standard","meta":{"footnotes":""},"categories":[6326,6332,29228],"tags":[33115,33116],"class_list":{"0":"post-78924","1":"post","2":"type-post","3":"status-publish","4":"format-standard","5":"has-post-thumbnail","7":"category-politike","8":"category-te-fundit","9":"category-vendi","10":"tag-gjykata-i-jep-mandatin-e-kryebashkiakut-tavos","11":"tag-pritet-betimi-ne-keshillin-bashkiak"},"_links":{"self":[{"href":"https:\/\/jugulajm.net\/index.php?rest_route=\/wp\/v2\/posts\/78924","targetHints":{"allow":["GET"]}}],"collection":[{"href":"https:\/\/jugulajm.net\/index.php?rest_route=\/wp\/v2\/posts"}],"about":[{"href":"https:\/\/jugulajm.net\/index.php?rest_route=\/wp\/v2\/types\/post"}],"author":[{"embeddable":true,"href":"https:\/\/jugulajm.net\/index.php?rest_route=\/wp\/v2\/users\/5"}],"replies":[{"embeddable":true,"href":"https:\/\/jugulajm.net\/index.php?rest_route=%2Fwp%2Fv2%2Fcomments&post=78924"}],"version-history":[{"count":0,"href":"https:\/\/jugulajm.net\/index.php?rest_route=\/wp\/v2\/posts\/78924\/revisions"}],"wp:featuredmedia":[{"embeddable":true,"href":"https:\/\/jugulajm.net\/index.php?rest_route=\/wp\/v2\/media\/76511"}],"wp:attachment":[{"href":"https:\/\/jugulajm.net\/index.php?rest_route=%2Fwp%2Fv2%2Fmedia&parent=78924"}],"wp:term":[{"taxonomy":"category","embeddable":true,"href":"https:\/\/jugulajm.net\/index.php?rest_route=%2Fwp%2Fv2%2Fcategories&post=78924"},{"taxonomy":"post_tag","embeddable":true,"href":"https:\/\/jugulajm.net\/index.php?rest_route=%2Fwp%2Fv2%2Ftags&post=78924"}],"curies":[{"name":"wp","href":"https:\/\/api.w.org\/{rel}","templated":true}]}}