{"id":78900,"date":"2024-09-18T20:33:01","date_gmt":"2024-09-18T18:33:01","guid":{"rendered":"https:\/\/jugulajm.net\/?p=78900"},"modified":"2024-09-18T20:35:47","modified_gmt":"2024-09-18T18:35:47","slug":"emri-foto-prangoset-infermieri-i-urgjences-se-spitalit-ngacmoi-seualisht-pacienten-24-vjecare","status":"publish","type":"post","link":"https:\/\/jugulajm.net\/?p=78900","title":{"rendered":"EMRI-FOTO\/ Prangoset infermieri i Urgjenc\u00ebs, ngacmoi se*ualisht pacienten 24-vje\u00e7are"},"content":{"rendered":"<p>Infermieri i Urgjenc\u00ebs s\u00eb Spitalit t\u00eb Pogradecit \u00ebsht\u00eb arrestuar dit\u00ebn e sotme. M\u00ebsohet se ndaj 36-vje\u00e7arit Metjan Mu\u00e7o r\u00ebndon akuza p\u00ebr vepr\u00ebn penale &#8220;Ngacmim seksual&#8221;.<\/p>\n<p>Rasti u trajtua nga emisioni \u201cStop\u201d, ku n\u00eb baz\u00eb t\u00eb pamjeve filmike \u00ebsht\u00eb b\u00ebr\u00eb edhe verifikimi nga ana e policis\u00eb.<\/p>\n<p>Nj\u00eb e re 24-vje\u00e7are nga Pogradeci denoncoi infermierin dhe u shpreh se ka shkuar n\u00eb Spitalin e Pogradecit, p\u00ebr t\u00eb marr\u00eb ndihm\u00eb, pasi vuan nga nj\u00eb s\u00ebmundje e rrall\u00eb dhe at\u00eb dit\u00eb kishte marrje fryme dhe rrahje t\u00eb shpeshta zemre.<\/p>\n<p>Pasi u ekzaminua nga Mjeku i Urgjenc\u00ebs, vajza u orientua, p\u00ebr t\u00eb b\u00ebr\u00eb nj\u00eb elektrokardiogram\u00eb. N\u00eb k\u00ebto momente, infermieri Metjan Mu\u00e7o rreth t\u00eb 30-ave, fillon ta ngacmoj\u00eb me fjal\u00eb dhe n\u00eb pjes\u00ebt intime.\u00a0Vajza e tronditur \u00ebsht\u00eb \u00e7uar dhe ka ikur nga ambientet e Spitalit, por ngjarjen e ka mbajtur t\u00eb fsheht\u00eb p\u00ebr t\u00eb shmangur ndonj\u00eb konflikt t\u00eb mundsh\u00ebm.<\/p>\n<div class=\"insertion-box\">\n<div class=\"\">\n<div id=\"t66eb1baa8006f\" data-p=\"100\">\n<div id=\"MDA15296\" class=\"\" data-adid=\"mda13748\" data-netid=\"137356148\" data-sizes=\"300x250\" data-google-query-id=\"CN-BteePzYgDFeZIHQkd-KAjog\">\n<div id=\"google_ads_iframe_\/137356148\/mda13748_0__container__\"><\/div>\n<\/div>\n<\/div>\n<\/div>\n<\/div>\n<p><strong>Njoftimi i policis\u00eb:<\/strong><\/p>\n<p><em>Specialist\u00ebt p\u00ebr Hetimin e Krimit t\u00eb Komisariatit t\u00eb Policis\u00eb Pogradec ndaluan shtetasin M. M., 36 vje\u00e7, banues n\u00eb Pogradec, p\u00ebr vepr\u00ebn penale &#8220;Ngacmim seksual&#8221;<\/em><\/p>\n<p><em>Ndalimi i k\u00ebtij shtetasi u b\u00eb pasi, m\u00eb dat\u00eb 17.09.2024, n\u00eb televizionin \u201cKlan\u201d, gjat\u00eb emisionit investigativ \u201cSTOP\u201d, jan\u00eb shfaqur pamjet filmike ku shtetasi M.M, me profesion infermier n\u00eb Urgjenc\u00ebn e Spitalit Pogradec, \u00ebsht\u00eb denoncuar nga nj\u00eb shtetase me pretendimin se \u00ebsht\u00eb ngacmuar seksualisht nga ky shtetas.<\/em><\/p>\n<p><em>Materialet procedurale i kaluan Prokuroris\u00eb pran\u00eb Gjykat\u00ebs s\u00eb Shkall\u00ebs s\u00eb Par\u00eb t\u00eb Juridiksionit t\u00eb P\u00ebrgjithsh\u00ebm Kor\u00e7\u00eb, p\u00ebr veprime t\u00eb m\u00ebtejshme.<\/em><\/p>\n","protected":false},"excerpt":{"rendered":"<p>Infermieri i Urgjenc\u00ebs s\u00eb Spitalit t\u00eb Pogradecit \u00ebsht\u00eb arrestuar dit\u00ebn e sotme. M\u00ebsohet se ndaj 36-vje\u00e7arit Metjan Mu\u00e7o r\u00ebndon akuza p\u00ebr vepr\u00ebn penale &#8220;Ngacmim seksual&#8221;. Rasti u trajtua nga emisioni \u201cStop\u201d, ku n\u00eb baz\u00eb t\u00eb pamjeve filmike \u00ebsht\u00eb b\u00ebr\u00eb edhe verifikimi nga ana e policis\u00eb. Nj\u00eb e re 24-vje\u00e7are nga Pogradeci denoncoi infermierin dhe u [&hellip;]<\/p>\n","protected":false},"author":5,"featured_media":78901,"comment_status":"closed","ping_status":"closed","sticky":false,"template":"","format":"standard","meta":{"footnotes":""},"categories":[1,6332,29228],"tags":[33101,33102],"class_list":{"0":"post-78900","1":"post","2":"type-post","3":"status-publish","4":"format-standard","5":"has-post-thumbnail","7":"category-aktualitet","8":"category-te-fundit","9":"category-vendi","10":"tag-emri-foto-prangoset-infermieri-i-urgjences-se-spitalit","11":"tag-ngacmoi-seualisht-pacienten-24-vjecare"},"_links":{"self":[{"href":"https:\/\/jugulajm.net\/index.php?rest_route=\/wp\/v2\/posts\/78900","targetHints":{"allow":["GET"]}}],"collection":[{"href":"https:\/\/jugulajm.net\/index.php?rest_route=\/wp\/v2\/posts"}],"about":[{"href":"https:\/\/jugulajm.net\/index.php?rest_route=\/wp\/v2\/types\/post"}],"author":[{"embeddable":true,"href":"https:\/\/jugulajm.net\/index.php?rest_route=\/wp\/v2\/users\/5"}],"replies":[{"embeddable":true,"href":"https:\/\/jugulajm.net\/index.php?rest_route=%2Fwp%2Fv2%2Fcomments&post=78900"}],"version-history":[{"count":0,"href":"https:\/\/jugulajm.net\/index.php?rest_route=\/wp\/v2\/posts\/78900\/revisions"}],"wp:featuredmedia":[{"embeddable":true,"href":"https:\/\/jugulajm.net\/index.php?rest_route=\/wp\/v2\/media\/78901"}],"wp:attachment":[{"href":"https:\/\/jugulajm.net\/index.php?rest_route=%2Fwp%2Fv2%2Fmedia&parent=78900"}],"wp:term":[{"taxonomy":"category","embeddable":true,"href":"https:\/\/jugulajm.net\/index.php?rest_route=%2Fwp%2Fv2%2Fcategories&post=78900"},{"taxonomy":"post_tag","embeddable":true,"href":"https:\/\/jugulajm.net\/index.php?rest_route=%2Fwp%2Fv2%2Ftags&post=78900"}],"curies":[{"name":"wp","href":"https:\/\/api.w.org\/{rel}","templated":true}]}}