{"id":78861,"date":"2024-09-17T13:20:27","date_gmt":"2024-09-17T11:20:27","guid":{"rendered":"https:\/\/jugulajm.net\/?p=78861"},"modified":"2024-09-17T13:20:27","modified_gmt":"2024-09-17T11:20:27","slug":"emri-foto-prangoset-ne-madrid-bosi-shqiptar-i-droges-1-nga-me-te-kerkuarit-ne-europe","status":"publish","type":"post","link":"https:\/\/jugulajm.net\/?p=78861","title":{"rendered":"EMRI-FOTO\/ Prangoset n\u00eb Madrid bosi shqiptar i drog\u00ebs, 1 nga m\u00eb t\u00eb k\u00ebrkuarit n\u00eb Europ\u00eb"},"content":{"rendered":"<p>Policia spanjolle ka arrestuar n\u00eb Madrid nj\u00eb nga trafikant\u00ebt m\u00eb t\u00eb k\u00ebrkuar n\u00eb Europ\u00eb.<\/p>\n<p>Ai \u00ebsht\u00eb nj\u00eb shqiptar, i cili drejtonte nj\u00eb organizat\u00eb kriminale t\u00eb p\u00ebrb\u00ebr\u00eb nga shtetas t\u00eb Shqip\u00ebris\u00eb dhe t\u00eb Kosov\u00ebs q\u00eb ka vepruar n\u00eb fush\u00ebn e kultivimit dhe trafikut t\u00eb kanabisit n\u00eb Belgjik\u00eb n\u00eb vitet 2014-2018.<\/p>\n<p>Ai \u00ebsht\u00eb Haredin Fejzulla 59 vje\u00e7, sipas mediave spanjolle q\u00eb kan\u00eb publikuar identitetin e tij, foton dhe pamjet e momentit t\u00eb arrestimit.<\/p>\n<p>Sipas Policis\u00eb, hetimet p\u00ebr gjetjen e tij kan\u00eb nisur n\u00eb janar t\u00eb vitit 2023, p\u00ebr shkak t\u00eb dyshimeve se ai mund t\u00eb fshihej n\u00eb Madrid. I arratisuri mori masa t\u00eb shumta sigurie p\u00ebr t\u00eb mos u lokalizuar dhe kishte mjete t\u00eb ndryshme me t\u00eb cilat udh\u00ebtonte t\u00eb fshehura, si dhe sht\u00ebpi t\u00eb shumta ku kalonte nat\u00ebn me nd\u00ebrprerje.<\/p>\n<p>Ai nd\u00ebrronte rregullisht edhe celularin. Megjithat\u00eb, ai u gjet t\u00eb enjten e kaluar n\u00eb lagjen Carabanchel kur po shkonte drejt nj\u00eb furgoni q\u00eb kishte shkuar p\u00ebr ta k\u00ebrkuar pran\u00eb nj\u00ebr\u00ebs prej vendstrehimeve t\u00eb tij.<\/p>\n","protected":false},"excerpt":{"rendered":"<p>Policia spanjolle ka arrestuar n\u00eb Madrid nj\u00eb nga trafikant\u00ebt m\u00eb t\u00eb k\u00ebrkuar n\u00eb Europ\u00eb. Ai \u00ebsht\u00eb nj\u00eb shqiptar, i cili drejtonte nj\u00eb organizat\u00eb kriminale t\u00eb p\u00ebrb\u00ebr\u00eb nga shtetas t\u00eb Shqip\u00ebris\u00eb dhe t\u00eb Kosov\u00ebs q\u00eb ka vepruar n\u00eb fush\u00ebn e kultivimit dhe trafikut t\u00eb kanabisit n\u00eb Belgjik\u00eb n\u00eb vitet 2014-2018. Ai \u00ebsht\u00eb Haredin Fejzulla 59 vje\u00e7, [&hellip;]<\/p>\n","protected":false},"author":5,"featured_media":78862,"comment_status":"closed","ping_status":"closed","sticky":false,"template":"","format":"standard","meta":{"footnotes":""},"categories":[1,7664,6332],"tags":[33088,33087],"class_list":{"0":"post-78861","1":"post","2":"type-post","3":"status-publish","4":"format-standard","5":"has-post-thumbnail","7":"category-aktualitet","8":"category-bota","9":"category-te-fundit","10":"tag-1-nga-me-te-kerkuarit-ne-evrope","11":"tag-emri-foto-prangoset-ne-madrid-bosi-shqiptar-i-droges"},"_links":{"self":[{"href":"https:\/\/jugulajm.net\/index.php?rest_route=\/wp\/v2\/posts\/78861","targetHints":{"allow":["GET"]}}],"collection":[{"href":"https:\/\/jugulajm.net\/index.php?rest_route=\/wp\/v2\/posts"}],"about":[{"href":"https:\/\/jugulajm.net\/index.php?rest_route=\/wp\/v2\/types\/post"}],"author":[{"embeddable":true,"href":"https:\/\/jugulajm.net\/index.php?rest_route=\/wp\/v2\/users\/5"}],"replies":[{"embeddable":true,"href":"https:\/\/jugulajm.net\/index.php?rest_route=%2Fwp%2Fv2%2Fcomments&post=78861"}],"version-history":[{"count":0,"href":"https:\/\/jugulajm.net\/index.php?rest_route=\/wp\/v2\/posts\/78861\/revisions"}],"wp:featuredmedia":[{"embeddable":true,"href":"https:\/\/jugulajm.net\/index.php?rest_route=\/wp\/v2\/media\/78862"}],"wp:attachment":[{"href":"https:\/\/jugulajm.net\/index.php?rest_route=%2Fwp%2Fv2%2Fmedia&parent=78861"}],"wp:term":[{"taxonomy":"category","embeddable":true,"href":"https:\/\/jugulajm.net\/index.php?rest_route=%2Fwp%2Fv2%2Fcategories&post=78861"},{"taxonomy":"post_tag","embeddable":true,"href":"https:\/\/jugulajm.net\/index.php?rest_route=%2Fwp%2Fv2%2Ftags&post=78861"}],"curies":[{"name":"wp","href":"https:\/\/api.w.org\/{rel}","templated":true}]}}