{"id":78818,"date":"2024-09-16T09:44:29","date_gmt":"2024-09-16T07:44:29","guid":{"rendered":"https:\/\/jugulajm.net\/?p=78818"},"modified":"2024-09-16T09:44:29","modified_gmt":"2024-09-16T07:44:29","slug":"emri-foto-zhduket-23-vjecarja-shqiptare-ne-greqi-ka-humbur-kontaktet-me-familjen-qe-prej","status":"publish","type":"post","link":"https:\/\/jugulajm.net\/?p=78818","title":{"rendered":"EMRI-FOTO\/ Zhduket 23-vje\u00e7arja shqiptare n\u00eb Greqi, ka humbur kontaktet me familjen q\u00eb prej&#8230;"},"content":{"rendered":"<p>Nj\u00eb 23-vje\u00e7are shqiptare n\u00eb\u00a0Greqi\u00a0\u00ebsht\u00eb raportuar e humbur prej pes\u00eb dit\u00ebsh n\u00eb\u00a0Selanik. Sipas policis\u00eb e reja Artiola Meksi me origjin\u00eb shqiptare ka humbur kontaktet me familjen q\u00eb prej dat\u00ebs 11 Shtator n\u00eb zon\u00eb e Harilaou n\u00eb\u00a0Selanik.<\/p>\n<p>Policia e Selaniku n\u00eb nj\u00eb njoftim zyrtar jep t\u00eb dh\u00ebnat e saj duke theksuar se e reja \u00ebsht\u00eb e gjat\u00eb 1.60 m, pesh\u00eb normale, flok\u00eb t\u00eb zeza dhe sy t\u00eb gjelb\u00ebr.<\/p>\n<p>Gjithashtu n\u00eb njoftim theksohet se 23-vje\u00e7arja ishte e veshur me nj\u00eb bluz\u00eb roz\u00eb dhe pantallona t\u00eb shkurtra xhins.<\/p>\n<p>Sipas nj\u00eb njoftimi t\u00eb \u201cBuz\u00ebqeshja e F\u00ebmij\u00ebs\u201d mund t\u00eb ket\u00eb arsye q\u00eb e v\u00ebn\u00eb n\u00eb rrezik jet\u00ebn e saj.<\/p>\n<p>\u201cKushdo q\u00eb ka ndonj\u00eb informacion \u00ebsht\u00eb i lutur t\u00eb kontaktoj\u00eb \u201cBuz\u00ebqeshja e F\u00ebmij\u00ebs\u201d n\u00eb telefon 24 or\u00eb n\u00eb dit\u00eb, n\u00eb \u201cLinj\u00ebn Komb\u00ebtare p\u00ebr t\u00eb Rriturit e Humbur \u2013 1017\u201d, n\u00eb t\u00eb gjitha Drejtorit\u00eb e Policis\u00eb n\u00eb vend si dhe p\u00ebrmes aplikacionit Missing Alert ku ka informacione t\u00eb drejtp\u00ebrdrejta p\u00ebr zhdukjen\u201d, thuhet n\u00eb njoftim.<\/p>\n","protected":false},"excerpt":{"rendered":"<p>Nj\u00eb 23-vje\u00e7are shqiptare n\u00eb\u00a0Greqi\u00a0\u00ebsht\u00eb raportuar e humbur prej pes\u00eb dit\u00ebsh n\u00eb\u00a0Selanik. Sipas policis\u00eb e reja Artiola Meksi me origjin\u00eb shqiptare ka humbur kontaktet me familjen q\u00eb prej dat\u00ebs 11 Shtator n\u00eb zon\u00eb e Harilaou n\u00eb\u00a0Selanik. Policia e Selaniku n\u00eb nj\u00eb njoftim zyrtar jep t\u00eb dh\u00ebnat e saj duke theksuar se e reja \u00ebsht\u00eb e gjat\u00eb [&hellip;]<\/p>\n","protected":false},"author":5,"featured_media":78819,"comment_status":"closed","ping_status":"closed","sticky":false,"template":"","format":"standard","meta":{"footnotes":""},"categories":[1,6332],"tags":[33065,33066],"class_list":{"0":"post-78818","1":"post","2":"type-post","3":"status-publish","4":"format-standard","5":"has-post-thumbnail","7":"category-aktualitet","8":"category-te-fundit","9":"tag-emri-foto-zhduket-23-vjecarja-shqiptare-ne-greqi","10":"tag-ka-humbur-kontaktet-me-familjen-qe-prej"},"_links":{"self":[{"href":"https:\/\/jugulajm.net\/index.php?rest_route=\/wp\/v2\/posts\/78818","targetHints":{"allow":["GET"]}}],"collection":[{"href":"https:\/\/jugulajm.net\/index.php?rest_route=\/wp\/v2\/posts"}],"about":[{"href":"https:\/\/jugulajm.net\/index.php?rest_route=\/wp\/v2\/types\/post"}],"author":[{"embeddable":true,"href":"https:\/\/jugulajm.net\/index.php?rest_route=\/wp\/v2\/users\/5"}],"replies":[{"embeddable":true,"href":"https:\/\/jugulajm.net\/index.php?rest_route=%2Fwp%2Fv2%2Fcomments&post=78818"}],"version-history":[{"count":0,"href":"https:\/\/jugulajm.net\/index.php?rest_route=\/wp\/v2\/posts\/78818\/revisions"}],"wp:featuredmedia":[{"embeddable":true,"href":"https:\/\/jugulajm.net\/index.php?rest_route=\/wp\/v2\/media\/78819"}],"wp:attachment":[{"href":"https:\/\/jugulajm.net\/index.php?rest_route=%2Fwp%2Fv2%2Fmedia&parent=78818"}],"wp:term":[{"taxonomy":"category","embeddable":true,"href":"https:\/\/jugulajm.net\/index.php?rest_route=%2Fwp%2Fv2%2Fcategories&post=78818"},{"taxonomy":"post_tag","embeddable":true,"href":"https:\/\/jugulajm.net\/index.php?rest_route=%2Fwp%2Fv2%2Ftags&post=78818"}],"curies":[{"name":"wp","href":"https:\/\/api.w.org\/{rel}","templated":true}]}}