{"id":78802,"date":"2024-09-15T14:09:00","date_gmt":"2024-09-15T12:09:00","guid":{"rendered":"https:\/\/jugulajm.net\/?p=78802"},"modified":"2024-09-15T14:11:10","modified_gmt":"2024-09-15T12:11:10","slug":"ahmetaj-per-median-gjermane-der-spiegel-rama-sme-perdor-dot-si-koke-turku-dhe","status":"publish","type":"post","link":"https:\/\/jugulajm.net\/?p=78802","title":{"rendered":"Ahmetaj p\u00ebr median gjermane \u201cDer Spiegel\u201d: Rama s&#8217;m\u00eb p\u00ebrdor dot si kok\u00eb turku dhe&#8230;"},"content":{"rendered":"<p>Ish-zv.kryeministri, Arben Ahmetaj, ia ka b\u00ebr\u00eb edhe nj\u00ebher\u00eb t\u00eb qart\u00eb Edi Ram\u00ebs, se nuk mund t\u00eb sh\u00ebnjestroj\u00eb at\u00eb p\u00ebr ta kthyer n\u00eb \u201ckok\u00eb turku\u201d.<\/p>\n<p>P\u00ebr revist\u00ebn prestigjioze gjermane \u201cDer Spiegel\u201d, Ahmetaj i \u00ebsht\u00eb referuar shpreh Ram\u00ebs si Kim Jong Un, dikatori i Kores\u00eb s\u00eb Veriut.<\/p>\n<p>Aktualisht n\u00eb Lugano t\u00eb Zvicr\u00ebs ku shpreson p\u00ebr azil politik, p\u00ebr revist\u00ebn gjermane Ahmetaj u shpreh se Rama ka p\u00ebrfituar nga reforma n\u00eb drejt\u00ebsi e financuar nga nd\u00ebkromb\u00ebtar\u00ebt.<\/p>\n<p><em>\u201cNuk jam i p\u00ebrgatitur t\u00eb luaj si kok\u00eb turku. Ai p\u00ebrfitoi nga reforma n\u00eb drejt\u00ebsi e financuar nga SHBA dhe BE. Tani ai po p\u00ebrdor sistemin e drejt\u00ebsis\u00eb kund\u00ebr kund\u00ebrshtar\u00ebve t\u00eb tij politik\u00eb dhe kund\u00ebr kujtdo q\u00eb e kund\u00ebrshton p\u00ebrpjekjen e tij p\u00ebr pushtet\u201d<\/em>, ka th\u00ebn\u00eb ai.<\/p>\n<p>Ish-z\u00ebvend\u00ebskryeministri dyshon se sistemi Rama po tolerohet n\u00eb heshtje n\u00eb Per\u00ebndim:\u00a0<em>\u201cNuk e kam iden\u00eb pse europian\u00ebt nuk duan t\u00eb shohin se \u00e7far\u00eb po ndodh n\u00eb Shqip\u00ebri. Ata kan\u00eb sh\u00ebrbime sekrete t\u00eb shk\u00eblqyera q\u00eb din\u00eb gjith\u00e7ka n\u00eb detaje, ve\u00e7an\u00ebrisht p\u00ebr pastrimin e parave dhe krimin e organizuar&#8221;.<\/em><\/p>\n<p>Ahmetaj konfirmon gjetjet e hetuesve se Shqip\u00ebria u shnd\u00ebrrua n\u00eb nj\u00eb narko-shtet t\u00eb ushqyer nga trafiku i drog\u00ebs gjat\u00eb mandatit t\u00eb Ram\u00ebs.<\/p>\n<p><em>\u201cV\u00ebrshimi i kanabisit n\u00eb vend nga viti 2014 deri n\u00eb 2017 ishte axhenda e fshehur ekonomike e kryeministrit. Rritja e krimit t\u00eb organizuar q\u00eb nxiti kan\u00eb ndryshuar masivisht ekonomin\u00eb dhe shoq\u00ebrin\u00eb shqiptare. Rama beson se mund t\u00eb kontrolloj\u00eb ende mjedisin kriminal, por prej koh\u00ebsh \u00ebsht\u00eb ai q\u00eb po kontrollohet\u201d<\/em>, shprehet Ahmetaj.<\/p>\n","protected":false},"excerpt":{"rendered":"<p>Ish-zv.kryeministri, Arben Ahmetaj, ia ka b\u00ebr\u00eb edhe nj\u00ebher\u00eb t\u00eb qart\u00eb Edi Ram\u00ebs, se nuk mund t\u00eb sh\u00ebnjestroj\u00eb at\u00eb p\u00ebr ta kthyer n\u00eb \u201ckok\u00eb turku\u201d. P\u00ebr revist\u00ebn prestigjioze gjermane \u201cDer Spiegel\u201d, Ahmetaj i \u00ebsht\u00eb referuar shpreh Ram\u00ebs si Kim Jong Un, dikatori i Kores\u00eb s\u00eb Veriut. Aktualisht n\u00eb Lugano t\u00eb Zvicr\u00ebs ku shpreson p\u00ebr azil politik, [&hellip;]<\/p>\n","protected":false},"author":5,"featured_media":70926,"comment_status":"closed","ping_status":"closed","sticky":false,"template":"","format":"standard","meta":{"footnotes":""},"categories":[1,6326,6332],"tags":[33058],"class_list":{"0":"post-78802","1":"post","2":"type-post","3":"status-publish","4":"format-standard","5":"has-post-thumbnail","7":"category-aktualitet","8":"category-politike","9":"category-te-fundit","10":"tag-ahmetaj-per-median-gjermane-der-spiegel-rama-sme-perdor-dot-si-koke-turku-dhe"},"_links":{"self":[{"href":"https:\/\/jugulajm.net\/index.php?rest_route=\/wp\/v2\/posts\/78802","targetHints":{"allow":["GET"]}}],"collection":[{"href":"https:\/\/jugulajm.net\/index.php?rest_route=\/wp\/v2\/posts"}],"about":[{"href":"https:\/\/jugulajm.net\/index.php?rest_route=\/wp\/v2\/types\/post"}],"author":[{"embeddable":true,"href":"https:\/\/jugulajm.net\/index.php?rest_route=\/wp\/v2\/users\/5"}],"replies":[{"embeddable":true,"href":"https:\/\/jugulajm.net\/index.php?rest_route=%2Fwp%2Fv2%2Fcomments&post=78802"}],"version-history":[{"count":0,"href":"https:\/\/jugulajm.net\/index.php?rest_route=\/wp\/v2\/posts\/78802\/revisions"}],"wp:featuredmedia":[{"embeddable":true,"href":"https:\/\/jugulajm.net\/index.php?rest_route=\/wp\/v2\/media\/70926"}],"wp:attachment":[{"href":"https:\/\/jugulajm.net\/index.php?rest_route=%2Fwp%2Fv2%2Fmedia&parent=78802"}],"wp:term":[{"taxonomy":"category","embeddable":true,"href":"https:\/\/jugulajm.net\/index.php?rest_route=%2Fwp%2Fv2%2Fcategories&post=78802"},{"taxonomy":"post_tag","embeddable":true,"href":"https:\/\/jugulajm.net\/index.php?rest_route=%2Fwp%2Fv2%2Ftags&post=78802"}],"curies":[{"name":"wp","href":"https:\/\/api.w.org\/{rel}","templated":true}]}}