{"id":78758,"date":"2024-09-13T19:00:20","date_gmt":"2024-09-13T17:00:20","guid":{"rendered":"https:\/\/jugulajm.net\/?p=78758"},"modified":"2024-09-13T19:02:29","modified_gmt":"2024-09-13T17:02:29","slug":"emri-prangoset-kryekomisari-i-gjirokastres-ja-per-cfare-akuzohet","status":"publish","type":"post","link":"https:\/\/jugulajm.net\/?p=78758","title":{"rendered":"EMRI\/ Arrestohet kryekomisari i Gjirokastr\u00ebs, ja p\u00ebr \u00e7far\u00eb akuzohet&#8230;"},"content":{"rendered":"<div class=\"firstP\">\n<p>Agjencia e Mbik\u00ebqyrjes Policore ka ekzekutuar mas\u00ebn e siguris\u00eb \u201cArrest n\u00eb sht\u00ebpi\u201d p\u00ebr punonj\u00ebsin e policis\u00eb, Kryekomisar Agim Fejzo, p\u00ebr shp\u00ebrdorim detyre.<\/p>\n<\/div>\n<p>Sipas hetimeve, rezulton se Fejzo, me detyr\u00eb Shef i Sektorit t\u00eb Sh\u00ebrbimeve Operacionale n\u00eb DVP Gjirokast\u00ebr, ka bashk\u00ebpunuar me nj\u00eb grup kriminal q\u00eb ushtronte veprimtarit\u00eb kriminale t\u00eb falsifikimit t\u00eb dokumenteve dhe t\u00eb dh\u00ebnies ndihm\u00eb p\u00ebr kalim t\u00eb paligjsh\u00ebm t\u00eb kufirit.<\/p>\n<p><strong>Njoftimi i plot\u00eb:<\/strong><\/p>\n<p>Agjencia e Mbik\u00ebqyrjes Policore (Rajoni Vlor\u00eb \u2013 Gjirokast\u00ebr) ka ekzekutuar mas\u00ebn e siguris\u00eb \u201cArrest n\u00eb sht\u00ebpi\u201d p\u00ebr punonj\u00ebsin e policis\u00eb, Kryekomisar A.F., me detyr\u00eb Shef i Sektorit t\u00eb Sh\u00ebrbimeve Operacionale n\u00eb DVP Gjirokast\u00ebr, i dyshuar p\u00ebr vepr\u00ebn penale \u201cShp\u00ebrdorim detyre\u201d.<\/p>\n<p>Nga hetimet intensive disa mujore n\u00ebn drejtimin e Prokuroris\u00eb pran\u00eb Gjykat\u00ebs s\u00eb Shkall\u00ebs s\u00eb Par\u00eb t\u00eb Juridiskionit t\u00eb P\u00ebrgjithsh\u00ebm Gjirokast\u00ebr, n\u00eb bashk\u00ebpunim me Drejtorin\u00eb p\u00ebr Hetimin e Narkotik\u00ebve dhe Trafiqeve dhe Drejtorin\u00eb e Forc\u00ebs s\u00eb Posa\u00e7me Operacionale, n\u00eb Departamentin e Policis\u00eb Kriminale, u siguruan prova se punonj\u00ebsi i policis\u00eb ka bashk\u00ebpunuar me nj\u00eb grup kriminal q\u00eb ushtronte veprimtarit\u00eb kriminale t\u00eb falsifikimit t\u00eb dokumenteve dhe t\u00eb dh\u00ebnies ndihm\u00eb p\u00ebr kalim t\u00eb paligjsh\u00ebm t\u00eb kufirit.<\/p>\n","protected":false},"excerpt":{"rendered":"<p>Agjencia e Mbik\u00ebqyrjes Policore ka ekzekutuar mas\u00ebn e siguris\u00eb \u201cArrest n\u00eb sht\u00ebpi\u201d p\u00ebr punonj\u00ebsin e policis\u00eb, Kryekomisar Agim Fejzo, p\u00ebr shp\u00ebrdorim detyre. Sipas hetimeve, rezulton se Fejzo, me detyr\u00eb Shef i Sektorit t\u00eb Sh\u00ebrbimeve Operacionale n\u00eb DVP Gjirokast\u00ebr, ka bashk\u00ebpunuar me nj\u00eb grup kriminal q\u00eb ushtronte veprimtarit\u00eb kriminale t\u00eb falsifikimit t\u00eb dokumenteve dhe t\u00eb dh\u00ebnies [&hellip;]<\/p>\n","protected":false},"author":5,"featured_media":56521,"comment_status":"closed","ping_status":"closed","sticky":false,"template":"","format":"standard","meta":{"footnotes":""},"categories":[1,6332,29228],"tags":[33038,23547],"class_list":{"0":"post-78758","1":"post","2":"type-post","3":"status-publish","4":"format-standard","5":"has-post-thumbnail","7":"category-aktualitet","8":"category-te-fundit","9":"category-vendi","10":"tag-emri-prangoset-kryekomisari-i-gjirokastres","11":"tag-ja-per-cfare-akuzohet"},"_links":{"self":[{"href":"https:\/\/jugulajm.net\/index.php?rest_route=\/wp\/v2\/posts\/78758","targetHints":{"allow":["GET"]}}],"collection":[{"href":"https:\/\/jugulajm.net\/index.php?rest_route=\/wp\/v2\/posts"}],"about":[{"href":"https:\/\/jugulajm.net\/index.php?rest_route=\/wp\/v2\/types\/post"}],"author":[{"embeddable":true,"href":"https:\/\/jugulajm.net\/index.php?rest_route=\/wp\/v2\/users\/5"}],"replies":[{"embeddable":true,"href":"https:\/\/jugulajm.net\/index.php?rest_route=%2Fwp%2Fv2%2Fcomments&post=78758"}],"version-history":[{"count":0,"href":"https:\/\/jugulajm.net\/index.php?rest_route=\/wp\/v2\/posts\/78758\/revisions"}],"wp:featuredmedia":[{"embeddable":true,"href":"https:\/\/jugulajm.net\/index.php?rest_route=\/wp\/v2\/media\/56521"}],"wp:attachment":[{"href":"https:\/\/jugulajm.net\/index.php?rest_route=%2Fwp%2Fv2%2Fmedia&parent=78758"}],"wp:term":[{"taxonomy":"category","embeddable":true,"href":"https:\/\/jugulajm.net\/index.php?rest_route=%2Fwp%2Fv2%2Fcategories&post=78758"},{"taxonomy":"post_tag","embeddable":true,"href":"https:\/\/jugulajm.net\/index.php?rest_route=%2Fwp%2Fv2%2Ftags&post=78758"}],"curies":[{"name":"wp","href":"https:\/\/api.w.org\/{rel}","templated":true}]}}