{"id":78751,"date":"2024-09-13T13:11:31","date_gmt":"2024-09-13T11:11:31","guid":{"rendered":"https:\/\/jugulajm.net\/?p=78751"},"modified":"2024-09-13T13:11:31","modified_gmt":"2024-09-13T11:11:31","slug":"emri-foto-67-vjecari-tregon-udhetimin-2-mujor-me-kembe-nga-gjermania-ne-shqiperi","status":"publish","type":"post","link":"https:\/\/jugulajm.net\/?p=78751","title":{"rendered":"EMRI-FOTO\/ 67-vje\u00e7ari tregon udh\u00ebtimin 2 mujor me k\u00ebmb\u00eb, nga Gjermania n\u00eb Shqip\u00ebri"},"content":{"rendered":"<p>Steve Dunn \u00ebsht\u00eb nje 67 vje\u00e7ar gjerman i \u00e7ili n\u00eb dat\u00ebn 8 korrik t\u00eb k\u00ebtij viti \u00ebsht\u00eb nisur n\u00eb k\u00ebmb\u00eb nga Gjermania p\u00ebr t\u00eb mb\u00ebrritur n\u00eb Pogradec m\u00eb dat\u00ebn 13 shtator.<\/p>\n<p>Gjat\u00eb k\u00ebtij udh\u00ebtimi i \u00ebsht\u00eb dashur t\u00eb kaloj\u00eb me dhjetra shtete e t\u00eb p\u00ebrshkoj\u00eb plot 2400 kilometra p\u00ebr 63 dit\u00eb.<\/p>\n<p>\u201cJam 67 vje\u00e7, n\u00eb dat\u00ebn 8 Korrik nga sht\u00ebpia ime u nisa n\u00eb k\u00ebmb\u00eb p\u00ebr t\u00eb ardhur n\u00eb Shqip\u00ebri. Kalova nga Austria, Sllovenia, Kroaci, Bosnj\u00eb, Mal t\u00eb Zi e arrita me ne fund ne Shqip\u00ebri. Pas pak do t\u00eb shkoj n\u00eb Greqi. Q\u00ebllimi im final \u00ebsht\u00eb tja dal te shkoj ne Athin\u00eb dhe Korinth t\u00eb Greqis\u00eb. Ky udh\u00ebtim \u00ebsht\u00eb 2400 kilometra\u201c.<\/p>\n<p>Steve Dunn tregon se n\u00eb jet\u00ebn e tij ka qen\u00eb shum\u00eb aktiv n\u00eb sporte nd\u00ebrkoh\u00eb q\u00eb d\u00ebshir\u00ebn p\u00ebr t\u00eb ardhur n\u00eb Shqip\u00ebri n\u00eb k\u00ebmb\u00eb, i ka lindur vitet e fundit.<\/p>\n<p>\u201cN\u00eb jet\u00ebn time kam qen\u00eb shum\u00eb aktiv me sporte por n\u00eb 2012 m\u00eb lindi d\u00ebshira t\u00eb b\u00ebj nj\u00eb ecje t\u00eb till\u00eb. Vitin e kaluar eca nga Gjermania n\u00eb Spanj\u00eb, e aty nd\u00ebrmora sfid\u00ebn t\u00eb forcoj k\u00ebmb\u00ebt e vij n\u00eb vendin tuaj fantastik. Ishte nj\u00eb udh\u00ebtim sfidues por m\u00eb duket se po ja dal\u201d- u shpreh ai.<\/p>\n<p>Gjermani q\u00eb eci p\u00ebr mij\u00ebra kilometra tregon se Shqip\u00ebria i ka b\u00ebr\u00eb p\u00ebrshtypje p\u00ebr bukurit\u00eb natyrore dhe mikpritjen q\u00eb njer\u00ebzit i kan\u00eb b\u00ebr\u00eb atij<\/p>\n<p>\u201c\u00cbsht\u00eb hera e par\u00eb n\u00eb Shqip\u00ebri, vend fantastik, vendet malore, liqeni, me besoni q\u00eb gjith\u00eb njer\u00ebzit i kam takuar kane qen\u00eb dashamir\u00ebs e t\u00eb dashur.<\/p>\n<p>Takova nj\u00eb djal\u00eb t\u00eb ri n\u00eb rrug\u00eb, po punonte n\u00eb firm\u00eb nd\u00ebrtimi, m\u00eb pyeti se \u00e7far\u00eb m\u00eb p\u00eblqente nga Shqip\u00ebria.<\/p>\n<p>K\u00ebtu ka filluar t\u00eb punohet e zhvillohet shum\u00eb, ka nj\u00eb t\u00eb ardhme ky vend, por ajo q\u00eb m\u00eb ra n\u00eb sy, \u00ebsht\u00eb mungesa e t\u00eb rinjt\u00eb.<\/p>\n<p>T\u00eb rinjt\u00eb duhet t\u00eb rrin\u00eb n\u00eb Shqip\u00ebri, duhet nj\u00eb gjenerate e fort\u00eb p\u00ebr k\u00ebt\u00eb komb\u201d.<\/p>\n<p>Nga Shqip\u00ebria p\u00ebr gjermanin udh\u00ebtimi do t\u00eb vijoj\u00eb drejt Greqis\u00eb, me shpres\u00ebn se do t\u00eb mund t\u00eb arrij\u00eb n\u00eb k\u00ebmb\u00eb deri n\u00eb Athin\u00eb.<\/p>\n","protected":false},"excerpt":{"rendered":"<p>Steve Dunn \u00ebsht\u00eb nje 67 vje\u00e7ar gjerman i \u00e7ili n\u00eb dat\u00ebn 8 korrik t\u00eb k\u00ebtij viti \u00ebsht\u00eb nisur n\u00eb k\u00ebmb\u00eb nga Gjermania p\u00ebr t\u00eb mb\u00ebrritur n\u00eb Pogradec m\u00eb dat\u00ebn 13 shtator. Gjat\u00eb k\u00ebtij udh\u00ebtimi i \u00ebsht\u00eb dashur t\u00eb kaloj\u00eb me dhjetra shtete e t\u00eb p\u00ebrshkoj\u00eb plot 2400 kilometra p\u00ebr 63 dit\u00eb. \u201cJam 67 vje\u00e7, n\u00eb [&hellip;]<\/p>\n","protected":false},"author":5,"featured_media":78752,"comment_status":"closed","ping_status":"closed","sticky":false,"template":"","format":"standard","meta":{"footnotes":""},"categories":[1,6332],"tags":[33034,33035],"class_list":{"0":"post-78751","1":"post","2":"type-post","3":"status-publish","4":"format-standard","5":"has-post-thumbnail","7":"category-aktualitet","8":"category-te-fundit","9":"tag-emri-foto-67-vjecari-tregon-udhetimin-2-mujor-me-kembe","10":"tag-nga-gjermania-ne-shqiperi"},"_links":{"self":[{"href":"https:\/\/jugulajm.net\/index.php?rest_route=\/wp\/v2\/posts\/78751","targetHints":{"allow":["GET"]}}],"collection":[{"href":"https:\/\/jugulajm.net\/index.php?rest_route=\/wp\/v2\/posts"}],"about":[{"href":"https:\/\/jugulajm.net\/index.php?rest_route=\/wp\/v2\/types\/post"}],"author":[{"embeddable":true,"href":"https:\/\/jugulajm.net\/index.php?rest_route=\/wp\/v2\/users\/5"}],"replies":[{"embeddable":true,"href":"https:\/\/jugulajm.net\/index.php?rest_route=%2Fwp%2Fv2%2Fcomments&post=78751"}],"version-history":[{"count":0,"href":"https:\/\/jugulajm.net\/index.php?rest_route=\/wp\/v2\/posts\/78751\/revisions"}],"wp:featuredmedia":[{"embeddable":true,"href":"https:\/\/jugulajm.net\/index.php?rest_route=\/wp\/v2\/media\/78752"}],"wp:attachment":[{"href":"https:\/\/jugulajm.net\/index.php?rest_route=%2Fwp%2Fv2%2Fmedia&parent=78751"}],"wp:term":[{"taxonomy":"category","embeddable":true,"href":"https:\/\/jugulajm.net\/index.php?rest_route=%2Fwp%2Fv2%2Fcategories&post=78751"},{"taxonomy":"post_tag","embeddable":true,"href":"https:\/\/jugulajm.net\/index.php?rest_route=%2Fwp%2Fv2%2Ftags&post=78751"}],"curies":[{"name":"wp","href":"https:\/\/api.w.org\/{rel}","templated":true}]}}