{"id":78698,"date":"2024-09-11T19:44:12","date_gmt":"2024-09-11T17:44:12","guid":{"rendered":"https:\/\/jugulajm.net\/?p=78698"},"modified":"2024-09-11T19:44:12","modified_gmt":"2024-09-11T17:44:12","slug":"emri-foto-vetedorezohet-ish-drejtori-i-policise-ishte-ne-kerkim-per","status":"publish","type":"post","link":"https:\/\/jugulajm.net\/?p=78698","title":{"rendered":"EMRI-FOTO\/ Vet\u00ebdor\u00ebzohet ish-drejtori i Policis\u00eb, ishte n\u00eb k\u00ebrkim p\u00ebr&#8230;"},"content":{"rendered":"<p>\u00cbsht\u00eb vet\u00ebdor\u00ebzuar sot n\u00eb Policin\u00eb e Tiran\u00ebs ish-drejtori i Policis\u00eb s\u00eb Lezh\u00ebs Henerigert Mitri.<br \/>\nMitri ishte shpallur n\u00eb k\u00ebrkim pasi akuzohet se n\u00eb bashk\u00ebpunim me shtetasin Klodian Shahini dhe persona t\u00eb tjer\u00eb, drejtonin aktivitetin kriminal t\u00eb kultivimit t\u00eb narkotik\u00ebve, n\u00eb qarkun e Lezh\u00ebs.<\/p>\n<p>Klodian Shahini rezulton se gjat\u00eb koh\u00eb q\u00eb \u00ebsht\u00eb angazhuar n\u00eb veprimtarin\u00eb e kultivimit t\u00eb drog\u00ebs me drejtorin Henerigert Mitri, ka mbajtur detyr\u00ebn e shefit t\u00eb Seksionit t\u00eb Trafiqeve t\u00eb Paligjshme dhe Narkotik\u00ebve n\u00eb Drejtorin\u00eb e Qarkut Lezh\u00eb.<\/p>\n<p>Gjithashtu, ish-drejtori i lart\u00eb i Policis\u00eb s\u00eb Shtetit, sipas SPAK, Henerigert Mitri n\u00eb bashk\u00ebpunim me shtetasin Preng Gjini, aktualisht i arrestuar p\u00ebr nj\u00eb procedim tjet\u00ebr penal, organizonin aktivitetin e paligjsh\u00ebm t\u00eb loj\u00ebrave t\u00eb fatit n\u00eb qytetin e Lezh\u00ebs.<\/p>\n<p>\u201cK\u00ebshtu \u00ebsht\u00eb krijuar dyshimi i arsyesh\u00ebm se shtetasi Henerigert Mitri, me detyr\u00eb drejtor i Drejtoris\u00eb Vendore t\u00eb Policis\u00eb Lezh\u00eb, n\u00eb bashk\u00ebpunim me shtetasin Klodian Shahini dhe persona t\u00eb tjer\u00eb, drejtonin aktivitetin kriminal t\u00eb kultivimit t\u00eb narkotik\u00ebve, n\u00eb qarkun e Lezh\u00ebs. Po ashtu i hetuari Henerigert Mitri, n\u00eb bashk\u00ebpunim me shtetasin Preng Gjini, aktualisht i arrestuar p\u00ebr nj\u00eb procedim tjet\u00ebr penal, organizonin aktivitetin e paligjsh\u00ebm t\u00eb loj\u00ebrave t\u00eb fatit n\u00eb qytetin e Lezh\u00ebs\u201d, thuhet n\u00eb deklarat\u00ebn zyrtare.<br \/>\nPreng Gjini i shp\u00ebtoi nj\u00eb atentati me min\u00eb n\u00eb kryeqytet mbr\u00ebmjen e 15 shtatorit 2020. Shp\u00ebrthimi ishte aq i fuqish\u00ebm sa u ndje n\u00eb nj\u00eb rreze t\u00eb gjer\u00eb, edhe n\u00eb zona t\u00eb Tiran\u00ebs q\u00eb ndodhen shum\u00eb larg vendit t\u00eb ngjarjes. P\u00ebr shkak t\u00eb k\u00ebtij shp\u00ebrthimi u plagos\u00ebn leht\u00eb edhe dy kalimtar\u00eb, nj\u00eb shtetas italian dhe nj\u00eb f\u00ebmij\u00eb.<\/p>\n","protected":false},"excerpt":{"rendered":"<p>\u00cbsht\u00eb vet\u00ebdor\u00ebzuar sot n\u00eb Policin\u00eb e Tiran\u00ebs ish-drejtori i Policis\u00eb s\u00eb Lezh\u00ebs Henerigert Mitri. Mitri ishte shpallur n\u00eb k\u00ebrkim pasi akuzohet se n\u00eb bashk\u00ebpunim me shtetasin Klodian Shahini dhe persona t\u00eb tjer\u00eb, drejtonin aktivitetin kriminal t\u00eb kultivimit t\u00eb narkotik\u00ebve, n\u00eb qarkun e Lezh\u00ebs. Klodian Shahini rezulton se gjat\u00eb koh\u00eb q\u00eb \u00ebsht\u00eb angazhuar n\u00eb veprimtarin\u00eb e [&hellip;]<\/p>\n","protected":false},"author":5,"featured_media":78699,"comment_status":"closed","ping_status":"closed","sticky":false,"template":"","format":"standard","meta":{"footnotes":""},"categories":[1,6332,29228],"tags":[33006,25231],"class_list":{"0":"post-78698","1":"post","2":"type-post","3":"status-publish","4":"format-standard","5":"has-post-thumbnail","7":"category-aktualitet","8":"category-te-fundit","9":"category-vendi","10":"tag-emri-foto-vetedorezohet-ish-drejtori-i-policise","11":"tag-ishte-ne-kerkim-per"},"_links":{"self":[{"href":"https:\/\/jugulajm.net\/index.php?rest_route=\/wp\/v2\/posts\/78698","targetHints":{"allow":["GET"]}}],"collection":[{"href":"https:\/\/jugulajm.net\/index.php?rest_route=\/wp\/v2\/posts"}],"about":[{"href":"https:\/\/jugulajm.net\/index.php?rest_route=\/wp\/v2\/types\/post"}],"author":[{"embeddable":true,"href":"https:\/\/jugulajm.net\/index.php?rest_route=\/wp\/v2\/users\/5"}],"replies":[{"embeddable":true,"href":"https:\/\/jugulajm.net\/index.php?rest_route=%2Fwp%2Fv2%2Fcomments&post=78698"}],"version-history":[{"count":0,"href":"https:\/\/jugulajm.net\/index.php?rest_route=\/wp\/v2\/posts\/78698\/revisions"}],"wp:featuredmedia":[{"embeddable":true,"href":"https:\/\/jugulajm.net\/index.php?rest_route=\/wp\/v2\/media\/78699"}],"wp:attachment":[{"href":"https:\/\/jugulajm.net\/index.php?rest_route=%2Fwp%2Fv2%2Fmedia&parent=78698"}],"wp:term":[{"taxonomy":"category","embeddable":true,"href":"https:\/\/jugulajm.net\/index.php?rest_route=%2Fwp%2Fv2%2Fcategories&post=78698"},{"taxonomy":"post_tag","embeddable":true,"href":"https:\/\/jugulajm.net\/index.php?rest_route=%2Fwp%2Fv2%2Ftags&post=78698"}],"curies":[{"name":"wp","href":"https:\/\/api.w.org\/{rel}","templated":true}]}}