{"id":78678,"date":"2024-09-11T11:29:17","date_gmt":"2024-09-11T09:29:17","guid":{"rendered":"https:\/\/jugulajm.net\/?p=78678"},"modified":"2024-09-11T11:29:17","modified_gmt":"2024-09-11T09:29:17","slug":"prangoset-32-vjecari-goditi-me-thike-bashkeshorten","status":"publish","type":"post","link":"https:\/\/jugulajm.net\/?p=78678","title":{"rendered":"Prangoset 32 vje\u00e7ari, goditi me thik\u00eb bashk\u00ebshorten"},"content":{"rendered":"<p>Nj\u00eb grua n\u00eb Tiran\u00eb ka mbetur e plagosur, e goditur me thik\u00eb nga bashk\u00ebshorti.<\/p>\n<p>Specialist\u00ebt p\u00ebr Hetimin e Krimeve n\u00eb Komisariatin e Policis\u00eb Nr. 7 arrestuan shtetasin A. H., 32 vje\u00e7, banues n\u00eb Vor\u00eb, pasi gjat\u00eb nj\u00eb konflikti p\u00ebr motive t\u00eb dob\u00ebta, ka goditur me mjet prer\u00ebs thik\u00eb bashk\u00ebshorten e tij, e cila ndodhet n\u00eb kujdesin e mjek\u00ebve.<\/p>\n<p>Lidhur me k\u00ebt\u00eb ngjarje hetimet jan\u00eb n\u00eb vijim p\u00ebr t\u00eb zbuluar m\u00eb shum\u00eb mbi gjith\u00eb sa ka ndodhur, nd\u00ebrkoh\u00eb q\u00eb materialet iu referuan Prokuroris\u00eb p\u00ebr ndjekje t\u00eb m\u00ebtejshme.<\/p>\n","protected":false},"excerpt":{"rendered":"<p>Nj\u00eb grua n\u00eb Tiran\u00eb ka mbetur e plagosur, e goditur me thik\u00eb nga bashk\u00ebshorti. Specialist\u00ebt p\u00ebr Hetimin e Krimeve n\u00eb Komisariatin e Policis\u00eb Nr. 7 arrestuan shtetasin A. H., 32 vje\u00e7, banues n\u00eb Vor\u00eb, pasi gjat\u00eb nj\u00eb konflikti p\u00ebr motive t\u00eb dob\u00ebta, ka goditur me mjet prer\u00ebs thik\u00eb bashk\u00ebshorten e tij, e cila ndodhet n\u00eb [&hellip;]<\/p>\n","protected":false},"author":5,"featured_media":51534,"comment_status":"closed","ping_status":"closed","sticky":false,"template":"","format":"standard","meta":{"footnotes":""},"categories":[1,6332,29228],"tags":[32998,25014],"class_list":{"0":"post-78678","1":"post","2":"type-post","3":"status-publish","4":"format-standard","5":"has-post-thumbnail","7":"category-aktualitet","8":"category-te-fundit","9":"category-vendi","10":"tag-goditi-me-thike-bashkeshorten","11":"tag-prangoset-32-vjecari"},"_links":{"self":[{"href":"https:\/\/jugulajm.net\/index.php?rest_route=\/wp\/v2\/posts\/78678","targetHints":{"allow":["GET"]}}],"collection":[{"href":"https:\/\/jugulajm.net\/index.php?rest_route=\/wp\/v2\/posts"}],"about":[{"href":"https:\/\/jugulajm.net\/index.php?rest_route=\/wp\/v2\/types\/post"}],"author":[{"embeddable":true,"href":"https:\/\/jugulajm.net\/index.php?rest_route=\/wp\/v2\/users\/5"}],"replies":[{"embeddable":true,"href":"https:\/\/jugulajm.net\/index.php?rest_route=%2Fwp%2Fv2%2Fcomments&post=78678"}],"version-history":[{"count":0,"href":"https:\/\/jugulajm.net\/index.php?rest_route=\/wp\/v2\/posts\/78678\/revisions"}],"wp:featuredmedia":[{"embeddable":true,"href":"https:\/\/jugulajm.net\/index.php?rest_route=\/wp\/v2\/media\/51534"}],"wp:attachment":[{"href":"https:\/\/jugulajm.net\/index.php?rest_route=%2Fwp%2Fv2%2Fmedia&parent=78678"}],"wp:term":[{"taxonomy":"category","embeddable":true,"href":"https:\/\/jugulajm.net\/index.php?rest_route=%2Fwp%2Fv2%2Fcategories&post=78678"},{"taxonomy":"post_tag","embeddable":true,"href":"https:\/\/jugulajm.net\/index.php?rest_route=%2Fwp%2Fv2%2Ftags&post=78678"}],"curies":[{"name":"wp","href":"https:\/\/api.w.org\/{rel}","templated":true}]}}