{"id":78573,"date":"2024-09-08T09:28:09","date_gmt":"2024-09-08T07:28:09","guid":{"rendered":"https:\/\/jugulajm.net\/?p=78573"},"modified":"2024-09-08T09:30:06","modified_gmt":"2024-09-08T07:30:06","slug":"greqi-shqiptari-30-vjecar-plagoset-me-thike-nga-bashkatdhetari-shpallet-ne-kerkkm-autori","status":"publish","type":"post","link":"https:\/\/jugulajm.net\/?p=78573","title":{"rendered":"Greqi, shqiptari 30-vje\u00e7ar plagoset me thik\u00eb nga bashkatdhetari, shpallet n\u00eb k\u00ebrkim autori"},"content":{"rendered":"<p>Nj\u00eb shqiptar ka mbetur i plagosur me thik\u00eb pas nj\u00eb sherri me nj\u00eb bashkatdhetar t\u00eb tij n\u00eb Greqi, t\u00eb shtun\u00ebn mbr\u00ebma, m\u00eb 7 shtator.<\/p>\n<p>Sipas mediave greke, konflikti mes tyre ka ndodhur n\u00eb Heraklion, rreth or\u00ebs 9. Raportimet e para tregojn\u00eb se fillimisht ka pasur nj\u00eb sherr mes klient\u00ebve n\u00eb nj\u00eb kafene q\u00eb ndodhet n\u00eb nj\u00eb rrug\u00eb qendrore t\u00eb qytetit.<\/p>\n<p>Pas p\u00ebrplasjes n\u00eb kafene, sherri mes tyre ka vazhduar edhe jasht\u00eb dyqanit, n\u00eb rrug\u00eb, ku 30-vje\u00e7ari me shqiptar \u00ebsht\u00eb goditur me thik\u00eb n\u00eb pjes\u00eb t\u00eb ndryshme t\u00eb trupit.<\/p>\n<p>Sakaq m\u00ebsohet se shqiptari tjet\u00ebr, i cili ka goditur 30-vje\u00e7arin me thik\u00eb \u00ebsht\u00eb identifikuar dhe \u00ebsht\u00eb shpallur n\u00eb k\u00ebrkim nga policia.<\/p>\n<p>30-vje\u00e7ari m\u00ebsohet se \u00ebsht\u00eb plagosur r\u00ebnd\u00eb dhe \u00ebsht\u00eb d\u00ebrguar n\u00eb spitalin e Venizelios, ku iu n\u00ebnshtrua nj\u00eb operacioni dhe gjendja e tij konsiderohet kritike.<\/p>\n","protected":false},"excerpt":{"rendered":"<p>Nj\u00eb shqiptar ka mbetur i plagosur me thik\u00eb pas nj\u00eb sherri me nj\u00eb bashkatdhetar t\u00eb tij n\u00eb Greqi, t\u00eb shtun\u00ebn mbr\u00ebma, m\u00eb 7 shtator. Sipas mediave greke, konflikti mes tyre ka ndodhur n\u00eb Heraklion, rreth or\u00ebs 9. Raportimet e para tregojn\u00eb se fillimisht ka pasur nj\u00eb sherr mes klient\u00ebve n\u00eb nj\u00eb kafene q\u00eb ndodhet n\u00eb [&hellip;]<\/p>\n","protected":false},"author":5,"featured_media":52760,"comment_status":"closed","ping_status":"closed","sticky":false,"template":"","format":"standard","meta":{"footnotes":""},"categories":[1,6332],"tags":[26537,32958,32957],"class_list":{"0":"post-78573","1":"post","2":"type-post","3":"status-publish","4":"format-standard","5":"has-post-thumbnail","7":"category-aktualitet","8":"category-te-fundit","9":"tag-greqi","10":"tag-shpallet-ne-kerkkm-autori","11":"tag-shqiptari-30-vjecar-plagoset-me-thike-nga-bashkatdhetari"},"_links":{"self":[{"href":"https:\/\/jugulajm.net\/index.php?rest_route=\/wp\/v2\/posts\/78573","targetHints":{"allow":["GET"]}}],"collection":[{"href":"https:\/\/jugulajm.net\/index.php?rest_route=\/wp\/v2\/posts"}],"about":[{"href":"https:\/\/jugulajm.net\/index.php?rest_route=\/wp\/v2\/types\/post"}],"author":[{"embeddable":true,"href":"https:\/\/jugulajm.net\/index.php?rest_route=\/wp\/v2\/users\/5"}],"replies":[{"embeddable":true,"href":"https:\/\/jugulajm.net\/index.php?rest_route=%2Fwp%2Fv2%2Fcomments&post=78573"}],"version-history":[{"count":0,"href":"https:\/\/jugulajm.net\/index.php?rest_route=\/wp\/v2\/posts\/78573\/revisions"}],"wp:featuredmedia":[{"embeddable":true,"href":"https:\/\/jugulajm.net\/index.php?rest_route=\/wp\/v2\/media\/52760"}],"wp:attachment":[{"href":"https:\/\/jugulajm.net\/index.php?rest_route=%2Fwp%2Fv2%2Fmedia&parent=78573"}],"wp:term":[{"taxonomy":"category","embeddable":true,"href":"https:\/\/jugulajm.net\/index.php?rest_route=%2Fwp%2Fv2%2Fcategories&post=78573"},{"taxonomy":"post_tag","embeddable":true,"href":"https:\/\/jugulajm.net\/index.php?rest_route=%2Fwp%2Fv2%2Ftags&post=78573"}],"curies":[{"name":"wp","href":"https:\/\/api.w.org\/{rel}","templated":true}]}}